{"id":45194,"date":"2022-01-30T18:40:50","date_gmt":"2022-01-30T21:40:50","guid":{"rendered":"https:\/\/www.centraldenoticias.com.ar\/?p=45194"},"modified":"2022-01-30T19:16:14","modified_gmt":"2022-01-30T22:16:14","slug":"numerosas-instituciones-acompanan-el-pedido-de-crear-una-comision-para-investigar-la-venta-ilegal-de-terrenos","status":"publish","type":"post","link":"https:\/\/cdnoticias.com\/index.php\/2022\/01\/30\/numerosas-instituciones-acompanan-el-pedido-de-crear-una-comision-para-investigar-la-venta-ilegal-de-terrenos\/","title":{"rendered":"Numerosas instituciones acompa\u00f1an el pedido de crear una comisi\u00f3n para investigar la venta ilegal de terrenos"},"content":{"rendered":"<p>El Frente de Todos divulg\u00f3 una solicitada a trav\u00e9s de las redes sociales. En los pr\u00f3ximos d\u00edas el planteo ser\u00e1 debatido en el HCD.<!--more--><\/p>\n<hr \/>\n<p>Transcurren los d\u00edas y se incrementa la incertidumbre acerca de las posibles derivaciones de las denuncias por la venta ilegal de terrenos, pero tambi\u00e9n la expectativa en torno a qu\u00e9 suceder\u00e1 con el planteo elevado desde el Frente de Todos para que desde el Concejo Deliberante se impulse la <strong>creaci\u00f3n de una comisi\u00f3n especial para investigar las mencionadas denuncias por estafas<\/strong>. Si bien hasta el oficialismo local anticip\u00f3 el acompa\u00f1amiento, el proyecto ser\u00e1 analizado en el HCD en los pr\u00f3ximos d\u00edas.<\/p>\n<p>&nbsp;<\/p>\n<p>El impacto p\u00fablico de los hechos\u00a0 no se limita a la arena pol\u00edtica y as\u00ed qued\u00f3 demostrado en una \u201csolicitada\u201d que en la tarde de este domingo fue divulgada desde el <strong>Frente de Todos, la cual cuenta con el acompa\u00f1amiento de decenas y decenas de instituciones locales<\/strong>.<\/p>\n<p>&nbsp;<\/p>\n<p>\u201cLas y los abajo firmantes expresamos nuestro apoyo a la iniciativa del interbloque de concejales del Frente de Todos para la creaci\u00f3n de una comisi\u00f3n especial del Honorable Concejo Deliberante que <strong>investigue las denuncias de estafas en la venta de terrenos en la ciudad<\/strong>\u201d, inicia el escrito que ya cuenta con numerosas r\u00e9plicas en las redes sociales.<\/p>\n<p>&nbsp;<\/p>\n<p><iframe loading=\"lazy\" style=\"border: none; overflow: hidden;\" src=\"https:\/\/www.facebook.com\/plugins\/post.php?href=https%3A%2F%2Fwww.facebook.com%2FFrenteDeTodosOlavarria%2Fposts%2F4949522751780190&amp;show_text=true&amp;width=500\" width=\"500\" height=\"648\" frameborder=\"0\" scrolling=\"no\" allowfullscreen=\"allowfullscreen\"><\/iframe><\/p>\n<p>&nbsp;<\/p>\n<p>Luego se a\u00f1adi\u00f3 que \u201cante las denuncias p\u00fablicas que trascendieron en los \u00faltimos d\u00edas, <strong>creemos que es necesario esclarecer lo que est\u00e1 ocurriendo con la presunta venta ilegal de terrenos en el Partido de Olavarr\u00eda<\/strong>, sostenemos que la creaci\u00f3n de la comisi\u00f3n especial del Honorable Concejo Deliberante es un mecanismo institucional de suma importancia para aportar elementos en la investigaci\u00f3n de los hechos\u201d.<\/p>\n<p>&nbsp;<\/p>\n<p>\u201cTeniendo en cuenta las denuncias realizadas y que <strong>este tipo de maniobras y el accionar sistem\u00e1tico s\u00f3lo puede ser llevado adelante con la connivencia de diferentes actores<\/strong>, creemos que se debe trabajar con un amplio marco de institucionalidad y de colaboraci\u00f3n entre los distintos poderes del Estado, para esclarecer esta situaci\u00f3n que damnifica a un n\u00famero\u00a0\u00a0\u00a0\u00a0 importante de vecinos y vecinas de Olavarr\u00eda y que plantea una serie de interrogantes sobre la existencia de una asociaci\u00f3n il\u00edcita para cometer este tipo de delitos\u201d, concluye el documento.<\/p>\n<p>&nbsp;<\/p>\n<p>Adhieren Asociaci\u00f3n Obrera Minera Argentina, Asociaci\u00f3n del Personal de Direccion de Ferrocarriles Argentinos, Asociaci\u00f3n de Periodistas de Olavarr\u00eda, Sindicato Asociaci\u00f3n del Personal de\u00a0 Vialidad, Sindicato de choferes de camiones de Olavarr\u00eda, Centro Empleados de Comercio de Olavarr\u00eda, La Uni\u00f3n Ferroviaria, Sindicato de Trabajadores de Luz y Fuerza, Sindicato Argentino de Docentes Particulares, Sindicato Argentino de Trabajadores de la Industria Fideera, Sindicato Argentino de Televisi\u00f3n Telecomunicaciones, Servicios Audiovisuales, Interactivos y de Datos, Administraci\u00f3n Nacional de la Seguridad Social (ANSeS) y de la Seguridad Social, Sindicato del vidrio, Sindicato de Guardavidas Unidos, Sindicato del Papel, Cart\u00f3n y Qu\u00edmicos, Sindicato de Mec\u00e1nicos y Afines del Transporte Automotor, Sindicato Obrero y Empleados Ceramistas Olavarr\u00eda, Sindicato Obrero de la Industria del Vidrio y Afines, Sindicato Qu\u00edmico del Personal de F\u00e1bricas de P\u00f3lvora y Explosivos de Olavarr\u00eda y Azul, Sindicato de Trabajadores de la Industria de Gas, Sindicato\u00a0 Municipales Olavarr\u00eda, Sindicato Unido de Trabajadores de la Educaci\u00f3n T\u00e9cnica de la Rep\u00fablica Argentina, Sindicato \u00danico de Trabajadores del Espect\u00e1culo P\u00fablico, Sindicato \u00danico de Trabajadores de Edificios, Renta y Propiedad Horizontal, Sindicato Uni\u00f3n Trabajadores Industria de Aguas Y Gaseosas Argentinas, Sindicato Uni\u00f3n Personal Civil de la Naci\u00f3n Seccional Provincia, Sindicato Uni\u00f3n Personal de Seguridad de la Rep\u00fablica Argentina, Sindicato De Canillitas, Judiciales Olavarr\u00eda, Federaci\u00f3n de transportadores Argentinos, La Fraternidad, Asociaci\u00f3n de Trabajadores de la Sanidad, Uni\u00f3n de Trabajadores Del Turismo Hoteleros y Gastron\u00f3micos, Uni\u00f3n Trabajadores de Entidades, Deportivas y Civiles, Uni\u00f3n Trabajadores Del Instituto\/ PAMI, Sindicato \u00danico de Trabajadores del Peaje, Sindicato de Aguas y Gaseosas, Uni\u00f3n Argentina de Trabajadores Rurales y Estivadores, Bancarios, Federaci\u00f3n de obreros y empleados del Correo, Federaci\u00f3n de Sociedades de Fomento y Juntas Vecinales, Casa Popular de La Mujer, Nuestra Am\u00e9rica, Red puentes, Partido Solidario, Foro Olavarria-Frente Renovador, La Corriente, Unidad Popular, Movimiento Mayo, Corriente Lealtad, Hacer Olavarria, La C\u00e1mpora, Proyecto Peronista, Partido Justicialista, COPEBO, Movimiento Evita, Frente Grande Olavarr\u00eda, ATE Seccional Centro.<\/p>\n","protected":false},"excerpt":{"rendered":"<p>El Frente de Todos divulg\u00f3 una solicitada a trav\u00e9s de las redes sociales. En los pr\u00f3ximos d\u00edas el planteo ser\u00e1<\/p>\n","protected":false},"author":3,"featured_media":41346,"comment_status":"closed","ping_status":"closed","sticky":false,"template":"","format":"standard","meta":{"_jetpack_memberships_contains_paid_content":false,"footnotes":""},"categories":[4,1],"tags":[],"class_list":["post-45194","post","type-post","status-publish","format-standard","has-post-thumbnail","hentry","category-politica","category-portada"],"jetpack_featured_media_url":"https:\/\/i0.wp.com\/cdnoticias.com\/wp-content\/uploads\/2021\/12\/Landivar-HCD01.jpg?fit=800%2C445&ssl=1","jetpack_sharing_enabled":true,"_links":{"self":[{"href":"https:\/\/cdnoticias.com\/index.php\/wp-json\/wp\/v2\/posts\/45194","targetHints":{"allow":["GET"]}}],"collection":[{"href":"https:\/\/cdnoticias.com\/index.php\/wp-json\/wp\/v2\/posts"}],"about":[{"href":"https:\/\/cdnoticias.com\/index.php\/wp-json\/wp\/v2\/types\/post"}],"author":[{"embeddable":true,"href":"https:\/\/cdnoticias.com\/index.php\/wp-json\/wp\/v2\/users\/3"}],"replies":[{"embeddable":true,"href":"https:\/\/cdnoticias.com\/index.php\/wp-json\/wp\/v2\/comments?post=45194"}],"version-history":[{"count":0,"href":"https:\/\/cdnoticias.com\/index.php\/wp-json\/wp\/v2\/posts\/45194\/revisions"}],"wp:featuredmedia":[{"embeddable":true,"href":"https:\/\/cdnoticias.com\/index.php\/wp-json\/wp\/v2\/media\/41346"}],"wp:attachment":[{"href":"https:\/\/cdnoticias.com\/index.php\/wp-json\/wp\/v2\/media?parent=45194"}],"wp:term":[{"taxonomy":"category","embeddable":true,"href":"https:\/\/cdnoticias.com\/index.php\/wp-json\/wp\/v2\/categories?post=45194"},{"taxonomy":"post_tag","embeddable":true,"href":"https:\/\/cdnoticias.com\/index.php\/wp-json\/wp\/v2\/tags?post=45194"}],"curies":[{"name":"wp","href":"https:\/\/api.w.org\/{rel}","templated":true}]}}