{"id":45088,"date":"2022-01-29T17:55:15","date_gmt":"2022-01-29T20:55:15","guid":{"rendered":"https:\/\/www.centraldenoticias.com.ar\/?p=45088"},"modified":"2022-01-29T17:55:15","modified_gmt":"2022-01-29T20:55:15","slug":"culmino-el-programa-provincial-verano-atr","status":"publish","type":"post","link":"https:\/\/cdnoticias.com\/index.php\/2022\/01\/29\/culmino-el-programa-provincial-verano-atr\/","title":{"rendered":"Culmin\u00f3 el Programa provincial Verano + ATR"},"content":{"rendered":"<p>Participaron m\u00e1s de 500 chicos y chicas. El \u00faltimo viernes se desarroll\u00f3 el muestreo de cierre.<!--more--><\/p>\n<hr \/>\n<p>Culmin\u00f3 el \u00faltimo viernes el Programa Provincial Verano + ATR, del cual en Olavarr\u00eda <strong>participaron aproximadamente 550 chicos y chicas, distribuidos en 16 sedes administrativas y 10 complementarias.<\/strong><\/p>\n<p>&nbsp;<\/p>\n<p><img data-recalc-dims=\"1\" loading=\"lazy\" decoding=\"async\" class=\"alignnone size-full wp-image-45090\" src=\"https:\/\/i0.wp.com\/cdnoticias.com\/wp-content\/uploads\/2022\/01\/WhatsApp-Image-2022-01-29-at-15.00.04.jpeg?resize=800%2C523&#038;ssl=1\" alt=\"\" width=\"800\" height=\"523\" srcset=\"https:\/\/i0.wp.com\/cdnoticias.com\/wp-content\/uploads\/2022\/01\/WhatsApp-Image-2022-01-29-at-15.00.04.jpeg?w=960&amp;ssl=1 960w, https:\/\/i0.wp.com\/cdnoticias.com\/wp-content\/uploads\/2022\/01\/WhatsApp-Image-2022-01-29-at-15.00.04.jpeg?resize=300%2C196&amp;ssl=1 300w, https:\/\/i0.wp.com\/cdnoticias.com\/wp-content\/uploads\/2022\/01\/WhatsApp-Image-2022-01-29-at-15.00.04.jpeg?resize=768%2C502&amp;ssl=1 768w\" sizes=\"auto, (max-width: 800px) 100vw, 800px\" \/><\/p>\n<p>&nbsp;<\/p>\n<p>Precisamente el pasado viernes se realizaron todos los muestreos y cierres de agua y recreativos junto a las familias. <strong>Las actividades se hab\u00edan iniciado el 4 de enero.<\/strong><\/p>\n<p>&nbsp;<\/p>\n<p><img data-recalc-dims=\"1\" loading=\"lazy\" decoding=\"async\" class=\"alignnone size-full wp-image-45092\" src=\"https:\/\/i0.wp.com\/cdnoticias.com\/wp-content\/uploads\/2022\/01\/WhatsApp-Image-2022-01-29-at-14.59.56.jpeg?resize=800%2C517&#038;ssl=1\" alt=\"\" width=\"800\" height=\"517\" srcset=\"https:\/\/i0.wp.com\/cdnoticias.com\/wp-content\/uploads\/2022\/01\/WhatsApp-Image-2022-01-29-at-14.59.56.jpeg?w=960&amp;ssl=1 960w, https:\/\/i0.wp.com\/cdnoticias.com\/wp-content\/uploads\/2022\/01\/WhatsApp-Image-2022-01-29-at-14.59.56.jpeg?resize=300%2C194&amp;ssl=1 300w, https:\/\/i0.wp.com\/cdnoticias.com\/wp-content\/uploads\/2022\/01\/WhatsApp-Image-2022-01-29-at-14.59.56.jpeg?resize=768%2C496&amp;ssl=1 768w\" sizes=\"auto, (max-width: 800px) 100vw, 800px\" \/><\/p>\n<p>&nbsp;<\/p>\n<p>El Programa Verano + ATR es una iniciativa del gobierno de la Provincia de Buenos Aires para el cual se hace una importante inversi\u00f3n en recursos humanos y did\u00e1cticos. <strong>Desde lo pedag\u00f3gico se trabaj\u00f3 con tres ejes: educaci\u00f3n sexual integral, ambiente y el entorno pr\u00f3ximo como materia de aprendizaje.\u00a0<\/strong><\/p>\n<p>&nbsp;<\/p>\n<p><img data-recalc-dims=\"1\" loading=\"lazy\" decoding=\"async\" class=\"alignnone size-full wp-image-45093\" src=\"https:\/\/i0.wp.com\/cdnoticias.com\/wp-content\/uploads\/2022\/01\/WhatsApp-Image-2022-01-29-at-14.59.49.jpeg?resize=720%2C455&#038;ssl=1\" alt=\"\" width=\"720\" height=\"455\" srcset=\"https:\/\/i0.wp.com\/cdnoticias.com\/wp-content\/uploads\/2022\/01\/WhatsApp-Image-2022-01-29-at-14.59.49.jpeg?w=720&amp;ssl=1 720w, https:\/\/i0.wp.com\/cdnoticias.com\/wp-content\/uploads\/2022\/01\/WhatsApp-Image-2022-01-29-at-14.59.49.jpeg?resize=300%2C190&amp;ssl=1 300w\" sizes=\"auto, (max-width: 720px) 100vw, 720px\" \/><\/p>\n<p>&nbsp;<\/p>\n<p>El cierre se llev\u00f3 a cabo en La M\u00e1xima, Parque Avellaneda, Racing, Pileta Municipal de Recalde, Club Loma Negra, La tradici\u00f3n,\u00a0 El Prado Hinojo, Santa \u00c1gueda Hinojo y Club San Martin de Sierras Bayas. De la temporada <strong>participaron ni\u00f1os, ni\u00f1as y adolescentes de nivel inicial, primario y secundario.<\/strong><\/p>\n<p>&nbsp;<\/p>\n<p><img data-recalc-dims=\"1\" loading=\"lazy\" decoding=\"async\" class=\"alignnone size-full wp-image-45091\" src=\"https:\/\/i0.wp.com\/cdnoticias.com\/wp-content\/uploads\/2022\/01\/WhatsApp-Image-2022-01-29-at-14.59.58.jpeg?resize=800%2C530&#038;ssl=1\" alt=\"\" width=\"800\" height=\"530\" srcset=\"https:\/\/i0.wp.com\/cdnoticias.com\/wp-content\/uploads\/2022\/01\/WhatsApp-Image-2022-01-29-at-14.59.58.jpeg?w=960&amp;ssl=1 960w, https:\/\/i0.wp.com\/cdnoticias.com\/wp-content\/uploads\/2022\/01\/WhatsApp-Image-2022-01-29-at-14.59.58.jpeg?resize=300%2C199&amp;ssl=1 300w, https:\/\/i0.wp.com\/cdnoticias.com\/wp-content\/uploads\/2022\/01\/WhatsApp-Image-2022-01-29-at-14.59.58.jpeg?resize=768%2C509&amp;ssl=1 768w\" sizes=\"auto, (max-width: 800px) 100vw, 800px\" \/><\/p>\n<p>&nbsp;<\/p>\n<p>Cada sede realiz\u00f3 su propio acto de cierre y hubo hamburgueseadas, presentaciones <strong>art\u00edsticas articuladas con el Instituto Cultural de la Provincia de Buenos Aires\u00a0 y muestreo de lo aprendido a lo largo de la temporada<\/strong>. Las actividades contaron con la presencia del Jefe distrital de Educaci\u00f3n, Julio Ben\u00edtez, la jefa Regional de Educaci\u00f3n M\u00f3nica Wagner, el coordinador del Programa Maximiliano Gonz\u00e1lez, autoridades y la Inspectora de Psicolog\u00eda Social y Pedagog\u00eda Comunitaria Rosana Ingliso, inspectora de Educaci\u00f3n Especial Mar\u00eda Jos\u00e9 Sal\u00edes, la Inspectora de Educaci\u00f3n F\u00edsica\u00a0 Andrea Bustingorry y consejeros escolares.<\/p>\n","protected":false},"excerpt":{"rendered":"<p>Participaron m\u00e1s de 500 chicos y chicas. El \u00faltimo viernes se desarroll\u00f3 el muestreo de cierre.<\/p>\n","protected":false},"author":3,"featured_media":45089,"comment_status":"closed","ping_status":"closed","sticky":false,"template":"","format":"standard","meta":{"_jetpack_memberships_contains_paid_content":false,"footnotes":""},"categories":[5,1],"tags":[],"class_list":["post-45088","post","type-post","status-publish","format-standard","has-post-thumbnail","hentry","category-informacion-general","category-portada"],"jetpack_featured_media_url":"https:\/\/i0.wp.com\/cdnoticias.com\/wp-content\/uploads\/2022\/01\/WhatsApp-Image-2022-01-29-at-15.00.00.jpeg?fit=960%2C640&ssl=1","jetpack_sharing_enabled":true,"_links":{"self":[{"href":"https:\/\/cdnoticias.com\/index.php\/wp-json\/wp\/v2\/posts\/45088","targetHints":{"allow":["GET"]}}],"collection":[{"href":"https:\/\/cdnoticias.com\/index.php\/wp-json\/wp\/v2\/posts"}],"about":[{"href":"https:\/\/cdnoticias.com\/index.php\/wp-json\/wp\/v2\/types\/post"}],"author":[{"embeddable":true,"href":"https:\/\/cdnoticias.com\/index.php\/wp-json\/wp\/v2\/users\/3"}],"replies":[{"embeddable":true,"href":"https:\/\/cdnoticias.com\/index.php\/wp-json\/wp\/v2\/comments?post=45088"}],"version-history":[{"count":0,"href":"https:\/\/cdnoticias.com\/index.php\/wp-json\/wp\/v2\/posts\/45088\/revisions"}],"wp:featuredmedia":[{"embeddable":true,"href":"https:\/\/cdnoticias.com\/index.php\/wp-json\/wp\/v2\/media\/45089"}],"wp:attachment":[{"href":"https:\/\/cdnoticias.com\/index.php\/wp-json\/wp\/v2\/media?parent=45088"}],"wp:term":[{"taxonomy":"category","embeddable":true,"href":"https:\/\/cdnoticias.com\/index.php\/wp-json\/wp\/v2\/categories?post=45088"},{"taxonomy":"post_tag","embeddable":true,"href":"https:\/\/cdnoticias.com\/index.php\/wp-json\/wp\/v2\/tags?post=45088"}],"curies":[{"name":"wp","href":"https:\/\/api.w.org\/{rel}","templated":true}]}}