{"id":45072,"date":"2022-01-31T15:11:18","date_gmt":"2022-01-31T18:11:18","guid":{"rendered":"https:\/\/www.centraldenoticias.com.ar\/?p=45072"},"modified":"2022-01-31T15:42:38","modified_gmt":"2022-01-31T18:42:38","slug":"el-municipio-invertira-mas-de-1117-millones-para-el-instituto-de-educacion-fisica","status":"publish","type":"post","link":"https:\/\/cdnoticias.com\/index.php\/2022\/01\/31\/el-municipio-invertira-mas-de-1117-millones-para-el-instituto-de-educacion-fisica\/","title":{"rendered":"El Municipio invertir\u00e1 m\u00e1s de $111,7 millones para el Instituto de Educaci\u00f3n F\u00edsica"},"content":{"rendered":"<p>La licitaci\u00f3n ya fue convocada y la apertura de sobres se fij\u00f3 para el 21 de febrero. El edificio tendr\u00e1 1.027 metros cuadrados.<!--more--><\/p>\n<hr \/>\n<p><strong>El Municipio invertir\u00e1 m\u00e1s de 111 millones de pesos<\/strong> para la construcci\u00f3n del Instituto de Educaci\u00f3n F\u00edsica.<\/p>\n<p>&nbsp;<\/p>\n<p><strong>La obra hab\u00eda sido anunciada en octubre<\/strong> <a href=\"https:\/\/cdnoticias.com\/index.php\/2021\/10\/06\/anunciaron-la-construccion-del-edificio-para-el-instituto-de-educacion-fisica\/\">en el 50\u00ba aniversario de la entidad educativa<\/a> y <strong>se incluy\u00f3 en el Presupuesto 2022<\/strong>.<\/p>\n<p>&nbsp;<\/p>\n<blockquote><p>La licitaci\u00f3n ya fue convocada y la apertura de sobres se fij\u00f3 para el 21 de febrero. Para la \u201cConstrucci\u00f3n Complejo Deportivo Municipal\u201d se dispuso un presupuesto oficial de 111.766.000 pesos. Se financiar\u00e1 con el Fondo Educativo. La apertura de sobres se har\u00e1 el 21 de febrero a las 10 en el Palacio San Mart\u00edn.<\/p><\/blockquote>\n<p>&nbsp;<\/p>\n<p>Acerca del edificio se estableci\u00f3 en los pliegos que tendr\u00e1 1.027 metros cuadrados y <strong>se emplazar\u00e1 en el Parque Avellaneda<\/strong>, entre las calles R\u00edo Negro y Santa Cruz sobre la avenida Avellaneda.<\/p>\n<p>&nbsp;<\/p>\n<p>Se previ\u00f3 un <strong>plazo de ejecuci\u00f3n de 280 d\u00edas corridos<\/strong>, unos nueve meses, desde el inicio de la construcci\u00f3n.<\/p>\n<p>&nbsp;<\/p>\n<p><strong>C\u00f3mo ser\u00e1 el edificio<\/strong><\/p>\n<p>&nbsp;<\/p>\n<p><strong>El proyecto del \u201cComplejo Deportivo Municipal\u201d<\/strong> <a href=\"https:\/\/cdnoticias.com\/index.php\/2021\/10\/06\/como-sera-el-proyecto-de-construccion-del-edificio-del-instituto-de-educacion-fisica\/\" target=\"_blank\" rel=\"noopener\">fue presentado completo<\/a> por el secretario de Obras P\u00fablicas, Julio Ferraro tambi\u00e9n en octubre.<\/p>\n<p>&nbsp;<\/p>\n<p>En cuanto a lo incluido en esta licitaci\u00f3n, <strong>tendr\u00e1 \u201cun edificio para \u00e1rea educativa terciaria de 1.027 metros cuadrados\u201d<\/strong> con ocho aulas, se detall\u00f3 en referencia a la que ser\u00e1 sede del Instituto de Educaci\u00f3n F\u00edsica. Se har\u00e1n <em>977 metros cuadrados cubiertos y 50 metros cuadrados semicubiertos<\/em>.<\/p>\n<p>&nbsp;<\/p>\n<p>Se proyect\u00f3 \u201cun acceso al mismo a trav\u00e9s de una explanada de llegada, desde la l\u00ednea del cord\u00f3n de la vereda\u201d. Este <strong>acceso mirar\u00e1 hacia la avenida Avellaneda<\/strong> y funcionar\u00e1 tanto para el ingreso peatonal como vehicular.<\/p>\n<p>&nbsp;<\/p>\n<blockquote><p>El <strong>n\u00facleo central del proyecto<\/strong> ser\u00e1 el acceso principal y las 8 aulas.<\/p><\/blockquote>\n<p>&nbsp;<\/p>\n<p>Del n\u00facleo se desprenden dos cuerpos. En uno se concentra el <strong>\u00e1rea destinada para el uso de la biblioteca o sal\u00f3n de usos m\u00faltiples<\/strong>, dep\u00f3sito, sala de m\u00e1quinas, un ala administrativa, con oficinas para preceptor\u00eda, secretar\u00eda, direcci\u00f3n, sala de reuniones, office y sanitarios.<\/p>\n<p>&nbsp;<\/p>\n<p>La segunda ala ser\u00e1 <strong>destinada a los grupos de sanitarios<\/strong> para la comunidad estudiantil, ba\u00f1os para damas, caballeros y personas con capacidades diferentes; adem\u00e1s contar\u00e1 con sector de duchas, dep\u00f3sito y sala de m\u00e1quinas.<\/p>\n<p>&nbsp;<\/p>\n<p>Parte del proyecto prev\u00e9 tambi\u00e9n la <strong>construcci\u00f3n del acceso al edificio<\/strong> a trav\u00e9s de una d\u00e1rsena de ingreso de veh\u00edculos p\u00fablicos: tambi\u00e9n un sector de <strong>estacionamiento<\/strong> y un <strong>patio<\/strong> en el contra frente del edificio. Se incluy\u00f3 la colocaci\u00f3n y provisi\u00f3n de \u00e1rboles, c\u00e9sped, expansiones, veredas, rampas y gradas en los exteriores.<\/p>\n<p>&nbsp;<\/p>\n<p>Para la obra se dejaron todas las <strong>especificaciones<\/strong> de servicio contra incendio y siniestros, as\u00ed como las previsiones para los sistemas de calefacci\u00f3n, gas, electricidad y los tipos de materiales, tal como se dispone en cada licitaci\u00f3n de obra.<\/p>\n<p>&nbsp;<\/p>\n<p>El lunes 21 de febrero se conocer\u00e1 cu\u00e1ntas empresas se presentan para llevar adelante esta obra y con qu\u00e9 montos ofertar\u00e1n.<\/p>\n","protected":false},"excerpt":{"rendered":"<p>La licitaci\u00f3n ya fue convocada y la apertura de sobres se fij\u00f3 para el 21 de febrero. El edificio tendr\u00e1<\/p>\n","protected":false},"author":4,"featured_media":39509,"comment_status":"closed","ping_status":"closed","sticky":false,"template":"","format":"standard","meta":{"_jetpack_memberships_contains_paid_content":false,"footnotes":""},"categories":[5,1],"tags":[],"class_list":["post-45072","post","type-post","status-publish","format-standard","has-post-thumbnail","hentry","category-informacion-general","category-portada"],"jetpack_featured_media_url":"https:\/\/i0.wp.com\/cdnoticias.com\/wp-content\/uploads\/2021\/11\/municipalidad-palacio-san-martin-1.jpg?fit=800%2C445&ssl=1","jetpack_sharing_enabled":true,"_links":{"self":[{"href":"https:\/\/cdnoticias.com\/index.php\/wp-json\/wp\/v2\/posts\/45072","targetHints":{"allow":["GET"]}}],"collection":[{"href":"https:\/\/cdnoticias.com\/index.php\/wp-json\/wp\/v2\/posts"}],"about":[{"href":"https:\/\/cdnoticias.com\/index.php\/wp-json\/wp\/v2\/types\/post"}],"author":[{"embeddable":true,"href":"https:\/\/cdnoticias.com\/index.php\/wp-json\/wp\/v2\/users\/4"}],"replies":[{"embeddable":true,"href":"https:\/\/cdnoticias.com\/index.php\/wp-json\/wp\/v2\/comments?post=45072"}],"version-history":[{"count":0,"href":"https:\/\/cdnoticias.com\/index.php\/wp-json\/wp\/v2\/posts\/45072\/revisions"}],"wp:featuredmedia":[{"embeddable":true,"href":"https:\/\/cdnoticias.com\/index.php\/wp-json\/wp\/v2\/media\/39509"}],"wp:attachment":[{"href":"https:\/\/cdnoticias.com\/index.php\/wp-json\/wp\/v2\/media?parent=45072"}],"wp:term":[{"taxonomy":"category","embeddable":true,"href":"https:\/\/cdnoticias.com\/index.php\/wp-json\/wp\/v2\/categories?post=45072"},{"taxonomy":"post_tag","embeddable":true,"href":"https:\/\/cdnoticias.com\/index.php\/wp-json\/wp\/v2\/tags?post=45072"}],"curies":[{"name":"wp","href":"https:\/\/api.w.org\/{rel}","templated":true}]}}