{"id":45066,"date":"2022-01-29T13:21:57","date_gmt":"2022-01-29T16:21:57","guid":{"rendered":"https:\/\/www.centraldenoticias.com.ar\/?p=45066"},"modified":"2022-01-29T15:27:15","modified_gmt":"2022-01-29T18:27:15","slug":"covid-esta-noche-vacunacion-en-brown-y-coronel-suarez","status":"publish","type":"post","link":"https:\/\/cdnoticias.com\/index.php\/2022\/01\/29\/covid-esta-noche-vacunacion-en-brown-y-coronel-suarez\/","title":{"rendered":"Covid: esta noche, vacunaci\u00f3n en Brown y Coronel Su\u00e1rez"},"content":{"rendered":"<p>\u201cPara todas las edades y todas las dosis\u201d destac\u00f3 el titular de la Regi\u00f3n sanitaria IX, Ramiro Borzi. Qui\u00e9nes podr\u00e1n aplicarse terceras dosis.<!--more--><\/p>\n<hr \/>\n<p><a href=\"https:\/\/cdnoticias.com\/index.php\/2022\/01\/27\/este-sabado-habra-vacunacion-nocturna-contra-el-covid-en-el-parque-mitre\/\" target=\"_blank\" rel=\"noopener\">Desde Regi\u00f3n Sanitaria IX se hab\u00eda adelantado<\/a> que este s\u00e1bado habr\u00e1\u00a0<strong>una posta itinerante de vacunaci\u00f3n en el Parque Mitre que funcionar\u00e1 de 21 a 24<\/strong>. El titular del organismo del Ministerio de Salud provincial, <strong>Ramiro Borzi<\/strong>, inform\u00f3 a <strong>Central de Noticias<\/strong> que <strong>funcionar\u00e1 en Brown y Coronel Su\u00e1rez<\/strong>.<\/p>\n<p>&nbsp;<\/p>\n<p>All\u00ed se instalar\u00e1n <strong>los gazebos para la atenci\u00f3n de todos los interesados<\/strong> que se acerquen.<\/p>\n<p>&nbsp;<\/p>\n<p><img data-recalc-dims=\"1\" loading=\"lazy\" decoding=\"async\" class=\"size-full wp-image-45068 aligncenter\" src=\"https:\/\/i0.wp.com\/cdnoticias.com\/wp-content\/uploads\/2022\/01\/parque-mitre-brown-y-coronel-suarez-01.jpg?resize=800%2C445&#038;ssl=1\" alt=\"\" width=\"800\" height=\"445\" srcset=\"https:\/\/i0.wp.com\/cdnoticias.com\/wp-content\/uploads\/2022\/01\/parque-mitre-brown-y-coronel-suarez-01.jpg?w=800&amp;ssl=1 800w, https:\/\/i0.wp.com\/cdnoticias.com\/wp-content\/uploads\/2022\/01\/parque-mitre-brown-y-coronel-suarez-01.jpg?resize=300%2C167&amp;ssl=1 300w, https:\/\/i0.wp.com\/cdnoticias.com\/wp-content\/uploads\/2022\/01\/parque-mitre-brown-y-coronel-suarez-01.jpg?resize=768%2C427&amp;ssl=1 768w\" sizes=\"auto, (max-width: 800px) 100vw, 800px\" \/><\/p>\n<p>&nbsp;<\/p>\n<p>Las aplicaciones ser\u00e1n <strong>\u201cpara todas las edades y todas las dosis<\/strong>. Obviamente, para segunda y tercera dosis tiene que haber un intervalo v\u00e1lido entre las aplicaciones\u201d aclar\u00f3.<\/p>\n<p>&nbsp;<\/p>\n<blockquote><p>En cuanto a las terceras dosis, \u201ces recupero de turnos o quienes est\u00e1n en los grupos de libre aplicaci\u00f3n\u201d se\u00f1al\u00f3 Borzi.<\/p><\/blockquote>\n<p>&nbsp;<\/p>\n<p>Cabe recordar que <strong>en esos grupos se cuentan<\/strong>: <em>personas mayores de 50 a\u00f1os, trabajadores de salud, trabajadores de la educaci\u00f3n de todos los niveles, trabajadores de la seguridad, las personas gestantes y quienes se encuentran en periodo de lactancia, y personas inmunocomprometidas<\/em>.<\/p>\n<p>&nbsp;<\/p>\n<p>En tanto, <strong>la inoculaci\u00f3n es libre para primeras y segundas dosis<\/strong> para mayores de 3 a\u00f1os, ya sean argentinos y turistas extranjeros.<\/p>\n<p>&nbsp;<\/p>\n<p><img data-recalc-dims=\"1\" loading=\"lazy\" decoding=\"async\" class=\"size-full wp-image-36921 aligncenter\" src=\"https:\/\/i0.wp.com\/cdnoticias.com\/wp-content\/uploads\/2021\/10\/vacunacion-itinerante-borzi-01.jpg?resize=800%2C445&#038;ssl=1\" alt=\"\" width=\"800\" height=\"445\" srcset=\"https:\/\/i0.wp.com\/cdnoticias.com\/wp-content\/uploads\/2021\/10\/vacunacion-itinerante-borzi-01.jpg?w=800&amp;ssl=1 800w, https:\/\/i0.wp.com\/cdnoticias.com\/wp-content\/uploads\/2021\/10\/vacunacion-itinerante-borzi-01.jpg?resize=300%2C167&amp;ssl=1 300w, https:\/\/i0.wp.com\/cdnoticias.com\/wp-content\/uploads\/2021\/10\/vacunacion-itinerante-borzi-01.jpg?resize=768%2C427&amp;ssl=1 768w\" sizes=\"auto, (max-width: 800px) 100vw, 800px\" \/><\/p>\n<p>&nbsp;<\/p>\n<p>A la par, este s\u00e1bado se reforzar\u00e1 la <strong>importancia de contar con el Pase Sanitario<\/strong> y se incentivar\u00e1 a las personas a que complete su vacunaci\u00f3n si es que a\u00fan no lo ha hecho.<\/p>\n<p>&nbsp;<\/p>\n<blockquote><p>Asimismo, Ramiro Borzi adelant\u00f3 que \u201cvamos a seguir con estas postas itinerantes. Desde la semana que viene se har\u00e1n en m\u00e1s lugares nocturnos o en eventos\u201d.<\/p><\/blockquote>\n<p>&nbsp;<\/p>\n<p><strong>En la Regi\u00f3n<\/strong><\/p>\n<p>&nbsp;<\/p>\n<p>La Regi\u00f3n Sanitaria IX repite tambi\u00e9n esta modalidad <strong>en otras localidades<\/strong>. En ese sentido, este s\u00e1bado se har\u00e1 en dos lugares m\u00e1s, adem\u00e1s de Olavarr\u00eda.<\/p>\n<p>&nbsp;<\/p>\n<p><img data-recalc-dims=\"1\" loading=\"lazy\" decoding=\"async\" class=\"size-full wp-image-45069 aligncenter\" src=\"https:\/\/i0.wp.com\/cdnoticias.com\/wp-content\/uploads\/2022\/01\/region-9-laprida-azul.jpg?resize=800%2C384&#038;ssl=1\" alt=\"\" width=\"800\" height=\"384\" srcset=\"https:\/\/i0.wp.com\/cdnoticias.com\/wp-content\/uploads\/2022\/01\/region-9-laprida-azul.jpg?w=800&amp;ssl=1 800w, https:\/\/i0.wp.com\/cdnoticias.com\/wp-content\/uploads\/2022\/01\/region-9-laprida-azul.jpg?resize=300%2C144&amp;ssl=1 300w, https:\/\/i0.wp.com\/cdnoticias.com\/wp-content\/uploads\/2022\/01\/region-9-laprida-azul.jpg?resize=768%2C369&amp;ssl=1 768w\" sizes=\"auto, (max-width: 800px) 100vw, 800px\" \/><\/p>\n<p>&nbsp;<\/p>\n<p>Por un lado, habr\u00e1 <strong>una posta de vacunaci\u00f3n en el Parque Bicentenario de Laprida<\/strong> donde desde las 19 se har\u00e1 <a href=\"https:\/\/cdnoticias.com\/index.php\/2022\/01\/28\/que-propuestas-culturales-podes-encontrar-este-fin-de-semana-2\/\" target=\"_blank\" rel=\"noopener\">un festival de rock<\/a> donde se espera masiva concurrencia.<\/p>\n<p>&nbsp;<\/p>\n<p>Asimismo, tambi\u00e9n de 21 a 24 este s\u00e1bado se ubicar\u00e1 <strong>un puesto en el balneario de Azul<\/strong>.<\/p>\n","protected":false},"excerpt":{"rendered":"<p>\u201cPara todas las edades y todas las dosis\u201d destac\u00f3 el titular de la Regi\u00f3n sanitaria IX, Ramiro Borzi. Qui\u00e9nes podr\u00e1n<\/p>\n","protected":false},"author":4,"featured_media":45070,"comment_status":"closed","ping_status":"closed","sticky":false,"template":"","format":"standard","meta":{"_jetpack_memberships_contains_paid_content":false,"footnotes":""},"categories":[16,1],"tags":[],"class_list":["post-45066","post","type-post","status-publish","format-standard","has-post-thumbnail","hentry","category-covid-19","category-portada"],"jetpack_featured_media_url":"https:\/\/i0.wp.com\/cdnoticias.com\/wp-content\/uploads\/2022\/01\/parque-mitre-brown-y-coronel-suarez-00.jpg?fit=800%2C445&ssl=1","jetpack_sharing_enabled":true,"_links":{"self":[{"href":"https:\/\/cdnoticias.com\/index.php\/wp-json\/wp\/v2\/posts\/45066","targetHints":{"allow":["GET"]}}],"collection":[{"href":"https:\/\/cdnoticias.com\/index.php\/wp-json\/wp\/v2\/posts"}],"about":[{"href":"https:\/\/cdnoticias.com\/index.php\/wp-json\/wp\/v2\/types\/post"}],"author":[{"embeddable":true,"href":"https:\/\/cdnoticias.com\/index.php\/wp-json\/wp\/v2\/users\/4"}],"replies":[{"embeddable":true,"href":"https:\/\/cdnoticias.com\/index.php\/wp-json\/wp\/v2\/comments?post=45066"}],"version-history":[{"count":0,"href":"https:\/\/cdnoticias.com\/index.php\/wp-json\/wp\/v2\/posts\/45066\/revisions"}],"wp:featuredmedia":[{"embeddable":true,"href":"https:\/\/cdnoticias.com\/index.php\/wp-json\/wp\/v2\/media\/45070"}],"wp:attachment":[{"href":"https:\/\/cdnoticias.com\/index.php\/wp-json\/wp\/v2\/media?parent=45066"}],"wp:term":[{"taxonomy":"category","embeddable":true,"href":"https:\/\/cdnoticias.com\/index.php\/wp-json\/wp\/v2\/categories?post=45066"},{"taxonomy":"post_tag","embeddable":true,"href":"https:\/\/cdnoticias.com\/index.php\/wp-json\/wp\/v2\/tags?post=45066"}],"curies":[{"name":"wp","href":"https:\/\/api.w.org\/{rel}","templated":true}]}}