{"id":45064,"date":"2022-01-29T12:26:30","date_gmt":"2022-01-29T15:26:30","guid":{"rendered":"https:\/\/www.centraldenoticias.com.ar\/?p=45064"},"modified":"2022-01-29T12:26:30","modified_gmt":"2022-01-29T15:26:30","slug":"desde-la-provincia-insisten-si-hay-sintomas-compatibles-con-coronavirus-no-hace-falta-testeo","status":"publish","type":"post","link":"https:\/\/cdnoticias.com\/index.php\/2022\/01\/29\/desde-la-provincia-insisten-si-hay-sintomas-compatibles-con-coronavirus-no-hace-falta-testeo\/","title":{"rendered":"Desde la Provincia insisten: \u201cSi hay s\u00edntomas compatibles con coronavirus no hace falta testeo\u201d"},"content":{"rendered":"<p>Seg\u00fan la subsecretaria de Atenci\u00f3n y Cuidados Integrales del Ministerio de Salud bonaerense, Alexia Navarro, \u201chacemos el registro en el sistema como caso confirmado a aquella persona que presenta alguno de los s\u00edntomas\u201d.<!--more--><\/p>\n<hr \/>\n<p><strong>La subsecretaria de Atenci\u00f3n y Cuidados Integrales del Ministerio de Salud bonaerense, Alexia Navarro, explic\u00f3 la modificaci\u00f3n en los protocolos<\/strong> para la realizaci\u00f3n de hisopados en personas que presenten s\u00edntomas de Covid-19, y record\u00f3 que si una persona \u201ctiene s\u00edntomas compatibles de coronavirus ya no es necesario hacerse un testeo para que se considere como positivo\u201d.<\/p>\n<p>&nbsp;<\/p>\n<blockquote><p>\u201cEstamos habilitados para establecer un criterio de Covid a trav\u00e9s de la cl\u00ednica, como con cualquier otra enfermedad\u201d, dijo la funcionaria, quien agreg\u00f3 que la decisi\u00f3n \u201cse encuadra dentro de las \u00faltimas definiciones asumidas por la cartera sanitaria nacional\u201d.<\/p><\/blockquote>\n<p>&nbsp;<\/p>\n<p>En declaraciones a radio Provincia, Navarro explic\u00f3 este viernes que<strong> \u201ccuando uno tiene s\u00edntomas compatibles de coronavirus ya no es necesario hacernos un testeo para que se considere como positivo\u201d<\/strong>. Por lo que, en ese caso, se\u00f1al\u00f3 que \u201chay que hacer el aislamiento y cumplir las medidas de cuidado\u201d.<\/p>\n<p>&nbsp;<\/p>\n<p>La funcionaria destac\u00f3 que \u201cel testeo estar\u00e1 reservado para los mayores de 60 a\u00f1os, personas que tengan alguna enfermedad de riesgo o para casos donde haya duda sobre el diagn\u00f3stico\u201d.<\/p>\n<p>&nbsp;<\/p>\n<p>\u201cDesde la Provincia se hace el registro en el sistema como caso confirmado a aquella persona que presenta alguno de los s\u00edntomas\u201d, precis\u00f3, y agreg\u00f3 que quienes tengan dudas pueden comunicarse al 148.<\/p>\n<p>&nbsp;<\/p>\n<p>Asimismo, Navarro record\u00f3 que \u201cotra actualizaci\u00f3n del protocolo es que <strong>los contactos estrechos con esquema de vacunaci\u00f3n completo y sin s\u00edntomas, no es necesario hacer el aislamiento<\/strong>\u201d.<\/p>\n<p>&nbsp;<\/p>\n<p><strong>\u201cYa se vio el pico de \u00d3micron\u201d<\/strong><\/p>\n<p>&nbsp;<\/p>\n<p>En relaci\u00f3n a los contagios con \u00d3micron, la subsecretaria de Atenci\u00f3n y Cuidados Integrales del Ministerio de Salud bonaerense sostuvo que ahora <strong>\u201clos casos aumentan menos r\u00e1pido y ya se vio el pico\u201d<\/strong>.\u00a0\u201cPor suerte no tiene correlaci\u00f3n con la ocupaci\u00f3n de camas de internaci\u00f3n\u201d, asever\u00f3.<\/p>\n<p>&nbsp;<\/p>\n<p>El jueves el ministro de Salud bonaerense, Nicol\u00e1s Kreplak, anunci\u00f3 que <strong>solo se hisopar\u00e1 a personas con s\u00edntomas de coronavirus si son mayores de 60 a\u00f1os, tienen una enfermedad de riesgo o est\u00e1n embarazadas<\/strong>, mientras que el resto se considerar\u00e1 \u201ccaso confirmado por criterio cl\u00ednico epidemiol\u00f3gico\u201d, al <a href=\"https:\/\/cdnoticias.com\/index.php\/2022\/01\/27\/provincia-cambio-criterios-de-testeo-solo-se-hisopara-a-mayores-de-60-embarazadas-y-con-factores-de-riesgo\/\" target=\"_blank\" rel=\"noopener\">encabezar una reuni\u00f3n virtual con los secretarios de Salud provinciales<\/a> para explicar los nuevos criterios epidemiol\u00f3gicos, y las decisiones que se consensuaron en el Consejo Federal de Salud (Cofesa).<\/p>\n<p>&nbsp;<\/p>\n<blockquote><p>El ministro detall\u00f3 que en el actual contexto de la pandemia, \u201cla cantidad de casos no tiene un correlato con una mayor tensi\u00f3n en el sistema de salud porque, gracias a la vacunaci\u00f3n, los cuadros son en su mayor\u00eda leves\u201d.<\/p><\/blockquote>\n<p>&nbsp;<\/p>\n<p>En este momento \u201ctiene m\u00e1s sensibilidad, es m\u00e1s certero y confiable el criterio cl\u00ednico epidemiol\u00f3gico que los testeos, que suelen dar falsos negativos\u201d, agreg\u00f3.<\/p>\n<p>&nbsp;<\/p>\n<p>Fuente: <em>Agencia DIB<\/em><\/p>\n","protected":false},"excerpt":{"rendered":"<p>Seg\u00fan la subsecretaria de Atenci\u00f3n y Cuidados Integrales del Ministerio de Salud bonaerense, Alexia Navarro, \u201chacemos el registro en el<\/p>\n","protected":false},"author":4,"featured_media":42975,"comment_status":"closed","ping_status":"closed","sticky":false,"template":"","format":"standard","meta":{"_jetpack_memberships_contains_paid_content":false,"footnotes":""},"categories":[16],"tags":[],"class_list":["post-45064","post","type-post","status-publish","format-standard","has-post-thumbnail","hentry","category-covid-19"],"jetpack_featured_media_url":"https:\/\/i0.wp.com\/cdnoticias.com\/wp-content\/uploads\/2022\/01\/hisopado-testeos-region-sanitaria-covid19-04.jpg?fit=800%2C445&ssl=1","jetpack_sharing_enabled":true,"_links":{"self":[{"href":"https:\/\/cdnoticias.com\/index.php\/wp-json\/wp\/v2\/posts\/45064","targetHints":{"allow":["GET"]}}],"collection":[{"href":"https:\/\/cdnoticias.com\/index.php\/wp-json\/wp\/v2\/posts"}],"about":[{"href":"https:\/\/cdnoticias.com\/index.php\/wp-json\/wp\/v2\/types\/post"}],"author":[{"embeddable":true,"href":"https:\/\/cdnoticias.com\/index.php\/wp-json\/wp\/v2\/users\/4"}],"replies":[{"embeddable":true,"href":"https:\/\/cdnoticias.com\/index.php\/wp-json\/wp\/v2\/comments?post=45064"}],"version-history":[{"count":0,"href":"https:\/\/cdnoticias.com\/index.php\/wp-json\/wp\/v2\/posts\/45064\/revisions"}],"wp:featuredmedia":[{"embeddable":true,"href":"https:\/\/cdnoticias.com\/index.php\/wp-json\/wp\/v2\/media\/42975"}],"wp:attachment":[{"href":"https:\/\/cdnoticias.com\/index.php\/wp-json\/wp\/v2\/media?parent=45064"}],"wp:term":[{"taxonomy":"category","embeddable":true,"href":"https:\/\/cdnoticias.com\/index.php\/wp-json\/wp\/v2\/categories?post=45064"},{"taxonomy":"post_tag","embeddable":true,"href":"https:\/\/cdnoticias.com\/index.php\/wp-json\/wp\/v2\/tags?post=45064"}],"curies":[{"name":"wp","href":"https:\/\/api.w.org\/{rel}","templated":true}]}}