{"id":45057,"date":"2022-01-29T13:59:54","date_gmt":"2022-01-29T16:59:54","guid":{"rendered":"https:\/\/www.centraldenoticias.com.ar\/?p=45057"},"modified":"2022-01-29T13:59:54","modified_gmt":"2022-01-29T16:59:54","slug":"chillar-los-vecinos-llevaron-la-protesta-por-el-hospital-a-la-ruta-3","status":"publish","type":"post","link":"https:\/\/cdnoticias.com\/index.php\/2022\/01\/29\/chillar-los-vecinos-llevaron-la-protesta-por-el-hospital-a-la-ruta-3\/","title":{"rendered":"Chillar: los vecinos llevaron la protesta por el Hospital a la ruta 3"},"content":{"rendered":"<p>En la ma\u00f1ana de este s\u00e1bado repartieron panfletos a los veh\u00edculos que transitan por el acceso a la localidad azule\u00f1a. A trav\u00e9s del intendente de Benito Ju\u00e1rez lograron un contacto con el ministro Kreplak.<!--more--><\/p>\n<hr \/>\n<p><strong>Los vecinos de Chillar llevaron la protesta por el Hospital Municipal \u201cHoracio Ferro\u201d a la ruta 3<\/strong>: reclaman por las mejores condiciones del servicio de salud.<\/p>\n<p>&nbsp;<\/p>\n<p>En la ma\u00f1ana de este s\u00e1bado <strong>repartieron panfletos a los veh\u00edculos que transitan por el acceso a la localidad azule\u00f1a<\/strong>, a la altura del kil\u00f3metro 360.<\/p>\n<p>&nbsp;<\/p>\n<p>Se observaron con ello <strong>colas de veh\u00edculos, especialmente camiones, y un grupo de vecinos que los deten\u00eda<\/strong> para entregar folletos con los detalles de la demanda.<\/p>\n<p>&nbsp;<\/p>\n<p><img data-recalc-dims=\"1\" loading=\"lazy\" decoding=\"async\" class=\"size-full wp-image-45060 aligncenter\" src=\"https:\/\/i0.wp.com\/cdnoticias.com\/wp-content\/uploads\/2022\/01\/chillar-hospital-diario-el-tiempo-00.jpg?resize=800%2C445&#038;ssl=1\" alt=\"\" width=\"800\" height=\"445\" srcset=\"https:\/\/i0.wp.com\/cdnoticias.com\/wp-content\/uploads\/2022\/01\/chillar-hospital-diario-el-tiempo-00.jpg?w=800&amp;ssl=1 800w, https:\/\/i0.wp.com\/cdnoticias.com\/wp-content\/uploads\/2022\/01\/chillar-hospital-diario-el-tiempo-00.jpg?resize=300%2C167&amp;ssl=1 300w, https:\/\/i0.wp.com\/cdnoticias.com\/wp-content\/uploads\/2022\/01\/chillar-hospital-diario-el-tiempo-00.jpg?resize=768%2C427&amp;ssl=1 768w\" sizes=\"auto, (max-width: 800px) 100vw, 800px\" \/><\/p>\n<p>&nbsp;<\/p>\n<blockquote><p>La actividad se anunci\u00f3 para este s\u00e1bado y domingo, de 8.30 a 10 y de 19 a 20. En todos los casos, los vecinos brindar\u00e1n informaci\u00f3n a los ocasionales transe\u00fantes por la ruta nacional 3.<\/p><\/blockquote>\n<p>&nbsp;<\/p>\n<p><strong>Comunicaci\u00f3n con la Provincia<\/strong><\/p>\n<p>&nbsp;<\/p>\n<p>En tanto, se inform\u00f3 que <strong>a trav\u00e9s del intendente de Benito Ju\u00e1rez Julio Marini<\/strong>, lograron un contacto con el <strong>ministro de Salud de la provincia de Buenos aires, Nicol\u00e1s Kreplak<\/strong>.<\/p>\n<p>&nbsp;<\/p>\n<p>Seg\u00fan se pudo saber, <a href=\"https:\/\/cdnoticias.com\/index.php\/2022\/01\/26\/chillar-una-mujer-debio-ser-trasladada-en-la-caja-de-una-camioneta\/\" target=\"_blank\" rel=\"noopener\">el vecino que debi\u00f3 trasladar a su madre en la caja de una camioneta por falta de ambulancia<\/a>, <strong>Pablo Disalvo, recibi\u00f3 el llamado del jefe comunal de Benito Ju\u00e1rez<\/strong> quien se interes\u00f3 por lo sucedido. As\u00ed acordaron un encuentro personalmente.<\/p>\n<p>&nbsp;<\/p>\n<p>Pablo Disalvo hizo saber que <strong>Marini \u201cestaba muy preocupado por lo que estamos pasando<\/strong> como vecinos de su partido\u201d.<\/p>\n<p>&nbsp;<\/p>\n<p><img data-recalc-dims=\"1\" loading=\"lazy\" decoding=\"async\" class=\"alignnone size-full wp-image-45058\" src=\"https:\/\/i0.wp.com\/cdnoticias.com\/wp-content\/uploads\/2022\/01\/chillar-intendente-marini-pablo-disalvo-radio-azul-00.jpg?resize=800%2C445&#038;ssl=1\" alt=\"\" width=\"800\" height=\"445\" srcset=\"https:\/\/i0.wp.com\/cdnoticias.com\/wp-content\/uploads\/2022\/01\/chillar-intendente-marini-pablo-disalvo-radio-azul-00.jpg?w=800&amp;ssl=1 800w, https:\/\/i0.wp.com\/cdnoticias.com\/wp-content\/uploads\/2022\/01\/chillar-intendente-marini-pablo-disalvo-radio-azul-00.jpg?resize=300%2C167&amp;ssl=1 300w, https:\/\/i0.wp.com\/cdnoticias.com\/wp-content\/uploads\/2022\/01\/chillar-intendente-marini-pablo-disalvo-radio-azul-00.jpg?resize=768%2C427&amp;ssl=1 768w\" sizes=\"auto, (max-width: 800px) 100vw, 800px\" \/><\/p>\n<p>&nbsp;<\/p>\n<blockquote><p>En ese contexto se dio la reuni\u00f3n sobre la que Disalvo cont\u00f3: \u201cle coment\u00e9 nuestra problem\u00e1tica y le solicit\u00e9 si nos pod\u00eda hacer un contacto con el ministerio de Salud de la Provincia, enseguida agarr\u00f3 su celular y llam\u00f3 al ministro Kreplak adelante m\u00edo, quedaron que el jefe de gabinete Salvador se va a poner en comunicaci\u00f3n para tratar el tema\u201d.<\/p><\/blockquote>\n<p>&nbsp;<\/p>\n<p><strong>Reuni\u00f3n con el Ejecutivo municipal de Azul<\/strong><\/p>\n<p>&nbsp;<\/p>\n<p>Tras una reuni\u00f3n del intendente Hern\u00e1n Bertellys con algunos concejales azule\u00f1os a ra\u00edz de la complejidad de la situaci\u00f3n en la localidad de Chillar, se inform\u00f3 que<strong> \u201cparte del equipo de gesti\u00f3n\u201d de la Municipalidad de Azul se reunir\u00e1 con vecinos la semana que viene<\/strong>. Es decir, no estar\u00e1 el intendente.<\/p>\n<p>&nbsp;<\/p>\n<p>Tras <strong>un mes de reclamos sostenidos<\/strong>, incluso con manifestaciones callejeras, en la localidad de Chillar y la exposici\u00f3n de <strong>numerosos y graves problemas en el funcionamiento del Hospital<\/strong>, con el <a href=\"https:\/\/cdnoticias.com\/index.php\/2022\/01\/26\/una-mujer-chillarense-fallecio-en-un-traslado-de-la-ambulancia-que-se-volvio-a-romper\/\" target=\"_blank\" rel=\"noopener\">fallecimiento de una mujer durante el traslado en una ambulancia que se rompi\u00f3 en la ruta<\/a>, reci\u00e9n la semana pr\u00f3xima<strong> los vecinos tendr\u00e1n una respuesta directa y personal por parte del Ejecutivo<\/strong>.<\/p>\n<p>&nbsp;<\/p>\n<p>Fuente y fotos: <em>Noticias de Azul, Radio Azul y Diario El Tiempo<\/em><\/p>\n<p>&nbsp;<\/p>\n","protected":false},"excerpt":{"rendered":"<p>En la ma\u00f1ana de este s\u00e1bado repartieron panfletos a los veh\u00edculos que transitan por el acceso a la localidad azule\u00f1a.<\/p>\n","protected":false},"author":4,"featured_media":45059,"comment_status":"closed","ping_status":"closed","sticky":false,"template":"","format":"standard","meta":{"_jetpack_memberships_contains_paid_content":false,"footnotes":""},"categories":[5,1],"tags":[],"class_list":["post-45057","post","type-post","status-publish","format-standard","has-post-thumbnail","hentry","category-informacion-general","category-portada"],"jetpack_featured_media_url":"https:\/\/i0.wp.com\/cdnoticias.com\/wp-content\/uploads\/2022\/01\/chillar-protesta-ruta-3-noticias-de-Azul-00.jpg?fit=800%2C445&ssl=1","jetpack_sharing_enabled":true,"_links":{"self":[{"href":"https:\/\/cdnoticias.com\/index.php\/wp-json\/wp\/v2\/posts\/45057","targetHints":{"allow":["GET"]}}],"collection":[{"href":"https:\/\/cdnoticias.com\/index.php\/wp-json\/wp\/v2\/posts"}],"about":[{"href":"https:\/\/cdnoticias.com\/index.php\/wp-json\/wp\/v2\/types\/post"}],"author":[{"embeddable":true,"href":"https:\/\/cdnoticias.com\/index.php\/wp-json\/wp\/v2\/users\/4"}],"replies":[{"embeddable":true,"href":"https:\/\/cdnoticias.com\/index.php\/wp-json\/wp\/v2\/comments?post=45057"}],"version-history":[{"count":0,"href":"https:\/\/cdnoticias.com\/index.php\/wp-json\/wp\/v2\/posts\/45057\/revisions"}],"wp:featuredmedia":[{"embeddable":true,"href":"https:\/\/cdnoticias.com\/index.php\/wp-json\/wp\/v2\/media\/45059"}],"wp:attachment":[{"href":"https:\/\/cdnoticias.com\/index.php\/wp-json\/wp\/v2\/media?parent=45057"}],"wp:term":[{"taxonomy":"category","embeddable":true,"href":"https:\/\/cdnoticias.com\/index.php\/wp-json\/wp\/v2\/categories?post=45057"},{"taxonomy":"post_tag","embeddable":true,"href":"https:\/\/cdnoticias.com\/index.php\/wp-json\/wp\/v2\/tags?post=45057"}],"curies":[{"name":"wp","href":"https:\/\/api.w.org\/{rel}","templated":true}]}}