{"id":45050,"date":"2022-01-29T09:57:51","date_gmt":"2022-01-29T12:57:51","guid":{"rendered":"https:\/\/www.centraldenoticias.com.ar\/?p=45050"},"modified":"2022-01-29T10:24:24","modified_gmt":"2022-01-29T13:24:24","slug":"la-provincia-suscribio-un-convenio-con-el-banco-europeo-de-inversiones-para-financiar-obras","status":"publish","type":"post","link":"https:\/\/cdnoticias.com\/index.php\/2022\/01\/29\/la-provincia-suscribio-un-convenio-con-el-banco-europeo-de-inversiones-para-financiar-obras\/","title":{"rendered":"La Provincia suscribi\u00f3 un convenio con el Banco Europeo de Inversiones para financiar obras"},"content":{"rendered":"<p>Es un cr\u00e9dito por m\u00e1s de 200 millones de d\u00f3lares con devoluci\u00f3n a 20 a\u00f1os. M\u00e1s de la mitad se destinar\u00e1 a obras en la cuenca del R\u00edo Salado para prevenir inundaciones.<!--more--><\/p>\n<hr \/>\n<p><strong>El gobernador de la provincia de Buenos Aires, Axel Kicillof<\/strong>, particip\u00f3 este viernes mediante videoconferencia de un acto encabezado por el <strong>presidente de la Naci\u00f3n, Alberto Fern\u00e1ndez<\/strong>, en el que se <strong>suscribieron dos convenios con el Banco Europeo de Inversiones (BEI) para financiar con m\u00e1s de 200 millones de d\u00f3lares<\/strong> las obras destinadas a readecuar el cauce del R\u00edo Salado y la adquisici\u00f3n de vacunas contra el Covid-19 para el pa\u00eds.<\/p>\n<p>&nbsp;<\/p>\n<p>Estuvieron presentes <strong>el ministro bonaerense de Hacienda y Finanzas, Pablo L\u00f3pez<\/strong>; el <strong>secretario de Asuntos Estrat\u00e9gicos de la Naci\u00f3n, Gustavo Beliz<\/strong>; y el <strong>vicepresidente del BEI, Ricardo Mourinho F\u00e9lix<\/strong>.<\/p>\n<p>&nbsp;<\/p>\n<p><strong>El cr\u00e9dito del BEI, establecido para su devoluci\u00f3n en 20 a\u00f1os, comprende una parte por 110 millones de d\u00f3lares para mejorar la prevenci\u00f3n contra las inundaciones en la cuenca del R\u00edo Salado<\/strong>.<\/p>\n<p>&nbsp;<\/p>\n<blockquote><p>En ese marco, Kicillof destac\u00f3 \u201cla inmensa importancia que tiene esta obra para readecuar y mejorar el cauce del R\u00edo Salado, un s\u00edmbolo de nuestra Provincia que atraviesa 59 municipios y abarca 700 kil\u00f3metros y 17 millones de hect\u00e1reas\u201d. \u201cEsta inversi\u00f3n le va a cambiar la vida a muchos bonaerenses, mitigando el efecto de las inundaciones a partir de la creaci\u00f3n de nuevos puentes e infraestructura que va a proteger a nuestras ciudades\u201d, agreg\u00f3.<\/p><\/blockquote>\n<p>&nbsp;<\/p>\n<p>El pr\u00e9stamo contar\u00e1 con garant\u00eda del Gobierno Nacional y <strong>beneficiar\u00e1 directamente a 84.527 bonaerenses<\/strong> de los distritos usualmente afectados por la traza del r\u00edo. Asimismo, las obras comprendidas mejorar\u00e1n las condiciones de drenaje de los<em> arroyos Las Flores, Saladillo, Las Saladas, Saladillo de Bragado, y sistema de Canales Jauretche, Mercante, Italia y Canal del Este<\/em>, optimizando las condiciones para los <strong>961.269 productores y habitantes de los partidos ubicados en los cursos<\/strong> tributarios del R\u00edo Salado.<\/p>\n<p>&nbsp;<\/p>\n<p>En ese sentido, el presidente <strong>Alberto Fern\u00e1ndez subray\u00f3 que \u201cla canalizaci\u00f3n del R\u00edo Salado es una obra que la Argentina necesita hace muchos a\u00f1os<\/strong> para proteger a cerca de un mill\u00f3n de productores que tienen sus campos alrededor del r\u00edo\u201d. \u201cEsta inversi\u00f3n est\u00e1 vinculada con la producci\u00f3n y la posibilidad de garantizar en el futuro m\u00e1s desarrollo, exportaci\u00f3n de granos e ingreso de divisas\u201d, agreg\u00f3.<\/p>\n<p>&nbsp;<\/p>\n<p>\u201cEsta obra se inici\u00f3 hace mucho tiempo y se anunci\u00f3 muchas veces, pero <strong>cuando llegamos al Gobierno las tareas estaban interrumpidas y se hab\u00eda perdido el financiamiento externo<\/strong>\u201d, sostuvo Kicillof, al tiempo que valor\u00f3 que \u201cgracias a la flexibilidad del Banco Europeo de Inversiones hemos recuperado el cr\u00e9dito internacional y, en solo dos a\u00f1os, triplicamos el avance de las obras respecto de lo que se hab\u00eda hecho durante los cuatro a\u00f1os anteriores\u201d.<\/p>\n<p>&nbsp;<\/p>\n<p>En tanto, <strong>Mourinho Felix<\/strong> se\u00f1al\u00f3 que \u201cel programa de protecci\u00f3n contra las inundaciones en la cuenca del R\u00edo Salado tiene muchos elementos para <strong>convertirse en un caso de \u00e9xito<\/strong>\u201d. \u201cEl proyecto mejorar\u00e1 la protecci\u00f3n contra inundaciones y fortalecer\u00e1 la capacidad de las instituciones responsables de la gesti\u00f3n integral de los recursos h\u00eddricos\u201d, dijo e indic\u00f3: \u201cLos objetivos son reducir los impactos negativos de las inundaciones sobre la econom\u00eda de la cuenca; mejorar su situaci\u00f3n econ\u00f3mica a trav\u00e9s del desarrollo sostenible; y preservar su valor ambiental\u201d.<\/p>\n<p>&nbsp;<\/p>\n<blockquote><p>\u201cEsta obra es central porque va a permitir aprovechar m\u00e1s tierras, potenciar la inversi\u00f3n y aumentar las exportaciones de la Provincia, apuntalando la producci\u00f3n de ganader\u00eda y granos\u201d, concluy\u00f3 Kicillof.<\/p><\/blockquote>\n<p>&nbsp;<\/p>\n<p>Por su parte, <strong>Beliz<\/strong> resalt\u00f3: \u201cLa asistencia del Banco Europeo de Inversiones brinda un apoyo importante para la concreci\u00f3n de <strong>proyectos que se centran en el cambio clim\u00e1tico, la preservaci\u00f3n del medio ambiente y la calidad de vida<\/strong> de nuestra poblaci\u00f3n\u201d.<\/p>\n<p>&nbsp;<\/p>\n<p>Participaron tambi\u00e9n la secretaria de Acceso a la Salud, Sandra Tirado; el subsecretario bonaerense de Finanzas, Agust\u00edn \u00c1lvarez; y el embajador de la Argentina ante la Uni\u00f3n Europea, Pablo Grinspun.<\/p>\n","protected":false},"excerpt":{"rendered":"<p>Es un cr\u00e9dito por m\u00e1s de 200 millones de d\u00f3lares con devoluci\u00f3n a 20 a\u00f1os. M\u00e1s de la mitad se<\/p>\n","protected":false},"author":4,"featured_media":45051,"comment_status":"closed","ping_status":"closed","sticky":false,"template":"","format":"standard","meta":{"_jetpack_memberships_contains_paid_content":false,"footnotes":""},"categories":[6,1],"tags":[],"class_list":["post-45050","post","type-post","status-publish","format-standard","has-post-thumbnail","hentry","category-nacionales","category-portada"],"jetpack_featured_media_url":"https:\/\/i0.wp.com\/cdnoticias.com\/wp-content\/uploads\/2022\/01\/convenio-obras-rio-salado-BEI.jpg?fit=800%2C445&ssl=1","jetpack_sharing_enabled":true,"_links":{"self":[{"href":"https:\/\/cdnoticias.com\/index.php\/wp-json\/wp\/v2\/posts\/45050","targetHints":{"allow":["GET"]}}],"collection":[{"href":"https:\/\/cdnoticias.com\/index.php\/wp-json\/wp\/v2\/posts"}],"about":[{"href":"https:\/\/cdnoticias.com\/index.php\/wp-json\/wp\/v2\/types\/post"}],"author":[{"embeddable":true,"href":"https:\/\/cdnoticias.com\/index.php\/wp-json\/wp\/v2\/users\/4"}],"replies":[{"embeddable":true,"href":"https:\/\/cdnoticias.com\/index.php\/wp-json\/wp\/v2\/comments?post=45050"}],"version-history":[{"count":0,"href":"https:\/\/cdnoticias.com\/index.php\/wp-json\/wp\/v2\/posts\/45050\/revisions"}],"wp:featuredmedia":[{"embeddable":true,"href":"https:\/\/cdnoticias.com\/index.php\/wp-json\/wp\/v2\/media\/45051"}],"wp:attachment":[{"href":"https:\/\/cdnoticias.com\/index.php\/wp-json\/wp\/v2\/media?parent=45050"}],"wp:term":[{"taxonomy":"category","embeddable":true,"href":"https:\/\/cdnoticias.com\/index.php\/wp-json\/wp\/v2\/categories?post=45050"},{"taxonomy":"post_tag","embeddable":true,"href":"https:\/\/cdnoticias.com\/index.php\/wp-json\/wp\/v2\/tags?post=45050"}],"curies":[{"name":"wp","href":"https:\/\/api.w.org\/{rel}","templated":true}]}}