{"id":44978,"date":"2022-01-27T20:49:05","date_gmt":"2022-01-27T23:49:05","guid":{"rendered":"https:\/\/www.centraldenoticias.com.ar\/?p=44978"},"modified":"2022-01-28T08:04:42","modified_gmt":"2022-01-28T11:04:42","slug":"nuevos-criterios-de-testeos-los-estamos-analizando-con-el-comite-de-crisis","status":"publish","type":"post","link":"https:\/\/cdnoticias.com\/index.php\/2022\/01\/27\/nuevos-criterios-de-testeos-los-estamos-analizando-con-el-comite-de-crisis\/","title":{"rendered":"Nuevos criterios de testeos: \u201clos estamos analizando con el Comit\u00e9 de Crisis\u201d"},"content":{"rendered":"<p>El secretario de Salud municipal habl\u00f3 con Central Radio sobre los nuevos criterios de testeos provinciales. Adem\u00e1s se refiri\u00f3 al aumento de casos de Covid en Olavarr\u00eda, el n\u00famero de fallecidos y el comportamiento de la pandemia.<!--more--><\/p>\n<hr \/>\n<p>Este jueves Olavarr\u00eda lleg\u00f3 a los <a href=\"https:\/\/cdnoticias.com\/index.php\/2022\/01\/27\/fallecio-una-paciente-con-covid19-y-ya-son-25-las-muertes-en-enero\/\" target=\"_blank\" rel=\"noopener\">368 fallecimientos de personas con coronavirus, 25 de los cuales se registraron en lo que va del mes de enero.<\/a> Adem\u00e1s, en las \u00faltimas semanas se not\u00f3 un incremento en la ocupaci\u00f3n del Hospital Municipal \u201cDr. H\u00e9ctor Cura\u201d.<\/p>\n<p>&nbsp;<\/p>\n<p>En ese sentido,<em><strong> Central Radio<\/strong><\/em> \u2013el programa que se emite de lunes a viernes de 15 a 17 por Radio Sapiens (FM 102.7)- dialog\u00f3 con el secretario de Salud Municipal Dr. Germ\u00e1n Caputo.<\/p>\n<p>&nbsp;<\/p>\n<p><iframe id=\"audio_81463965\" style=\"width: 100%;\" src=\"https:\/\/ar.ivoox.com\/es\/player_ej_81463965_6_1.html\" height=\"200\" frameborder=\"0\" scrolling=\"no\" allowfullscreen=\"allowfullscreen\"><\/iframe><\/p>\n<p>&nbsp;<\/p>\n<p>En principio explic\u00f3 que \u201c<strong>la tasa de letalidad est\u00e1 disminuida con respecto a otros per\u00edodos de la pandemia, pero la cantidad de contagios est\u00e1 muy aumentada.<\/strong> Entonces los n\u00fameros son altos. Un poco esa es la caracter\u00edstica de esta ola: es una variante gen\u00e9tica que es grave pero nos agarra con una vacunaci\u00f3n completa en un alto porcentaje de la poblaci\u00f3n\u201d.<\/p>\n<p>&nbsp;<\/p>\n<p>Asimismo, asegur\u00f3 que la situaci\u00f3n actual respecto al comportamiento de la pandemia la esperaban \u201cantes de fin de a\u00f1o\u201d y \u201cnunca dejamos de estar atentos, <strong>nunca dejamos de buscar distintas alternativas por si aumentaba la internaci\u00f3n<\/strong>\u201d.<\/p>\n<p>&nbsp;<\/p>\n<blockquote><p>\u201cHasta ahora los fallecidos fueron pacientes con comorbilidades, pacientes complejos y pacientes no vacunados o con vacunaci\u00f3n incompleta\u201d.<\/p><\/blockquote>\n<p>&nbsp;<\/p>\n<p>Sobre una <strong>posible disminuci\u00f3n de casos<\/strong>, asegur\u00f3 que \u201cevaluamos con respecto a las caracter\u00edsticas que va teniendo la ola y siempre nos relacionamos con otros pa\u00edses. En este caso los dos trabajos m\u00e1s importantes que hay es uno hecho en el Reino Unido y otro hecho en Sud\u00e1frica. El del Reino Unido por ah\u00ed es el que m\u00e1s se asocia a nuestro pa\u00eds porque tenemos los porcentajes de vacunaci\u00f3n muy similares\u201d.<\/p>\n<p>&nbsp;<\/p>\n<blockquote><p>En base a estos estudios avanz\u00f3 en una proyecci\u00f3n e indic\u00f3 que \u201ccreer\u00edamos que esta ola va a durar entre 8 y 10 semanas y estar\u00edamos transcurriendo la semana 6\u201d.<\/p><\/blockquote>\n<p>&nbsp;<\/p>\n<p><b>Cambios en los criterios de testeos: \u00bfse aplicar\u00e1n en Olavarr\u00eda?<\/b><\/p>\n<p>&nbsp;<\/p>\n<p>El Gobierno provincial dispuso en las \u00faltimas horas un <a href=\"https:\/\/cdnoticias.com\/index.php\/2022\/01\/27\/provincia-cambio-criterios-de-testeo-solo-se-hisopara-a-mayores-de-60-embarazadas-y-con-factores-de-riesgo\/\" target=\"_blank\" rel=\"noopener\">nuevo criterio de testeo<\/a> a partir del cual solo deber\u00e1n hisoparse las personas mayores de 60 a\u00f1os que tengan s\u00edntomas compatibles con el coronavirus o quienes tengan factores de riesgo o cursen un embarazo. El resto de la poblaci\u00f3n se considera, desde ahora, caso confirmado por criterio cl\u00ednico epidemiol\u00f3gico.<\/p>\n<p>&nbsp;<\/p>\n<p>Caputo cont\u00f3 que \u201c<strong>ayer tuvimos una reuni\u00f3n virtual con el ministro de Salud de la Provincia<\/strong> y se fue decidiendo estos criterios de testeos y estos criterios de diagn\u00f3stico de positivo por cl\u00ednica y por epidemiolog\u00eda\u201d y agreg\u00f3: <strong>\u201cno es una norma, sino que es una sugerencia que surge y calculo que la norma va a ser a partir de de la semana que viene\u201d.<\/strong><\/p>\n<p>&nbsp;<\/p>\n<p>Especific\u00f3 que \u201clos<strong> criterios epidemiol\u00f3gicos<\/strong> es si es contacto estrecho, si ha estado en lugares que han tenido brote, y los <strong>criterios cl\u00ednicos<\/strong> son los que conocemos: fiebre, tos, dolor de garganta, la falta de gusto y olfato\u201d.<\/p>\n<p>&nbsp;<\/p>\n<p>Resalt\u00f3 que \u201cel diagn\u00f3stico lo va a hacer m\u00e1s que nada un m\u00e9dico en su consultorio\u201d.<strong> Es el profesional quien va a decir si el paciente tiene Covid e indicar el aislamiento y los controles pertinentes.<\/strong><\/p>\n<p>&nbsp;<\/p>\n<p>En ese sentido, se\u00f1al\u00f3 que <strong>\u201cel hisopado deja de ser la clave en el diagn\u00f3stico, sino que pasa a ser diagn\u00f3stico tambi\u00e9n el criterio cl\u00ednico y epidemiol\u00f3gico\u201d.<\/strong><\/p>\n<p>&nbsp;<\/p>\n<p>Sin embargo, insisti\u00f3 en que \u201c<strong>lo estamos analizando con el Comit\u00e9 de Crisis<\/strong>. Nos da miedo que esta norma nueva nos va a llenar de pacientes todos los centros, nos va a llenar el Hospital, los consultorios. Estamos analizando como la tomamos y si la tomamos en parte. Es decir, no es una decisi\u00f3n tomada y ni desde el Ministerio de Salud surgi\u00f3 como una normativa todav\u00eda\u201d.<\/p>\n","protected":false},"excerpt":{"rendered":"<p>El secretario de Salud municipal habl\u00f3 con Central Radio sobre los nuevos criterios de testeos provinciales. Adem\u00e1s se refiri\u00f3 al<\/p>\n","protected":false},"author":5,"featured_media":43221,"comment_status":"closed","ping_status":"closed","sticky":false,"template":"","format":"standard","meta":{"_jetpack_memberships_contains_paid_content":false,"footnotes":""},"categories":[16,1],"tags":[],"class_list":["post-44978","post","type-post","status-publish","format-standard","has-post-thumbnail","hentry","category-covid-19","category-portada"],"jetpack_featured_media_url":"https:\/\/i0.wp.com\/cdnoticias.com\/wp-content\/uploads\/2022\/01\/GermanCaputo1-scaled.jpg?fit=2560%2C1424&ssl=1","jetpack_sharing_enabled":true,"_links":{"self":[{"href":"https:\/\/cdnoticias.com\/index.php\/wp-json\/wp\/v2\/posts\/44978","targetHints":{"allow":["GET"]}}],"collection":[{"href":"https:\/\/cdnoticias.com\/index.php\/wp-json\/wp\/v2\/posts"}],"about":[{"href":"https:\/\/cdnoticias.com\/index.php\/wp-json\/wp\/v2\/types\/post"}],"author":[{"embeddable":true,"href":"https:\/\/cdnoticias.com\/index.php\/wp-json\/wp\/v2\/users\/5"}],"replies":[{"embeddable":true,"href":"https:\/\/cdnoticias.com\/index.php\/wp-json\/wp\/v2\/comments?post=44978"}],"version-history":[{"count":0,"href":"https:\/\/cdnoticias.com\/index.php\/wp-json\/wp\/v2\/posts\/44978\/revisions"}],"wp:featuredmedia":[{"embeddable":true,"href":"https:\/\/cdnoticias.com\/index.php\/wp-json\/wp\/v2\/media\/43221"}],"wp:attachment":[{"href":"https:\/\/cdnoticias.com\/index.php\/wp-json\/wp\/v2\/media?parent=44978"}],"wp:term":[{"taxonomy":"category","embeddable":true,"href":"https:\/\/cdnoticias.com\/index.php\/wp-json\/wp\/v2\/categories?post=44978"},{"taxonomy":"post_tag","embeddable":true,"href":"https:\/\/cdnoticias.com\/index.php\/wp-json\/wp\/v2\/tags?post=44978"}],"curies":[{"name":"wp","href":"https:\/\/api.w.org\/{rel}","templated":true}]}}