{"id":44953,"date":"2022-01-28T15:52:26","date_gmt":"2022-01-28T18:52:26","guid":{"rendered":"https:\/\/www.centraldenoticias.com.ar\/?p=44953"},"modified":"2022-01-31T10:03:48","modified_gmt":"2022-01-31T13:03:48","slug":"fernando-bueno-sobre-los-autotest-de-covid-es-un-aporte-en-la-medida-que-funcione-bien","status":"publish","type":"post","link":"https:\/\/cdnoticias.com\/index.php\/2022\/01\/28\/fernando-bueno-sobre-los-autotest-de-covid-es-un-aporte-en-la-medida-que-funcione-bien\/","title":{"rendered":"Fernando Bueno sobre los autotest de Covid: &#8220;es un aporte en la medida que funcione bien&#8221;"},"content":{"rendered":"<p>Los autotest fueron aprobados en Argentina el 5 de enero de 2022 pero a\u00fan no llegaron al pa\u00eds. Los detalles. <!--more--><\/p>\n<hr \/>\n<p>&nbsp;<\/p>\n<p>Los<strong> autotest de Covid 19<\/strong> <a href=\"https:\/\/cdnoticias.com\/index.php\/2022\/01\/05\/anmat-autorizo-el-uso-de-cuatro-test-de-autoevaluacion-de-covid-19\/\" target=\"_blank\" rel=\"noopener\">fueron <strong>aprobados en Argentina el 5 de enero de 2022<\/strong><\/a> aunque<strong> todav\u00eda no ingresaron al pa\u00eds.<\/strong> <strong>Fernando Bueno<\/strong>, presidente del <strong>Colegio de Farmac\u00e9uticos<\/strong> de Olavarr\u00eda explic\u00f3 a <strong><em>Central de Noticias<\/em><\/strong> que se estima que los <strong>autotest lleguen a mediados de febrero<\/strong>, aunque en <strong>muy poca cantidad para todo el pa\u00eds<\/strong> y ser\u00e1n <strong>solo de un laboratorio<\/strong>.<\/p>\n<p>&nbsp;<\/p>\n<p>En relaci\u00f3n a la <a href=\"https:\/\/cdnoticias.com\/index.php\/2022\/01\/11\/covid-el-gobierno-definio-como-se-informaran-los-resultados-de-los-autotest\/\" target=\"_blank\" rel=\"noopener\"><strong>declaraci\u00f3n de los resultados<\/strong> (positivos o negativos)<\/a>, Bueno coment\u00f3 que &#8220;cada test tiene un n\u00famero de serie que queda asociado a un n\u00famero de documento, <strong>la responsabilidad es del usuario<\/strong>, el cual firma\u00a0un compromiso donde<strong> se compromete a informar el resultado en 24 horas.<\/strong> Luego, se informa al <strong>Sistema Nacional<\/strong>&#8220;.<\/p>\n<p>&nbsp;<\/p>\n<blockquote><p>Adem\u00e1s indic\u00f3 que el <strong>precio estimado<\/strong> ronda entre los <strong>$1600 y $2500<\/strong> aunque todav\u00eda no se sabe con precisi\u00f3n.<\/p><\/blockquote>\n<p>&nbsp;<\/p>\n<p>En su opini\u00f3n personal coment\u00f3 que &#8220;<strong>todo depende de que la persona informe el resultado.<\/strong> Si las personas no informan los resultados no tiene mucho sentido. <strong>Si el sistema de reporte funciona bien, ser\u00eda importante y es un aporte en la medida que funcione bien&#8221;.\u00a0<\/strong><\/p>\n<p>&nbsp;<\/p>\n<p>Por \u00faltimo, Bueno coment\u00f3 que la <strong>venta de autotest en farmacias en todo el pa\u00eds es voluntaria<\/strong>, es decir que<strong> s\u00f3lo las farmacias adheridas al Sistema Nacional est\u00e1n habilitadas para venderlos.<\/strong><\/p>\n<p>&nbsp;<\/p>\n<p>&#8220;Esto conlleva una <strong>carga de horario de tiempo administrativa<\/strong>, hay que <strong>registrar a cada usuario antes de darle el test<\/strong> y despu\u00e9s el <strong>sistema del informe del resultado.<\/strong> Es un tema a evaluar, cambia la <strong>rutina de trabajo<\/strong> por eso es un sistema de adhesi\u00f3n voluntaria. <strong>No todas las farmacias lo tienen que hacer&#8221;<\/strong>, concluy\u00f3.<\/p>\n","protected":false},"excerpt":{"rendered":"<p>Los autotest fueron aprobados en Argentina el 5 de enero de 2022 pero a\u00fan no llegaron al pa\u00eds. Los detalles.<\/p>\n","protected":false},"author":6,"featured_media":43748,"comment_status":"closed","ping_status":"closed","sticky":false,"template":"","format":"standard","meta":{"_jetpack_memberships_contains_paid_content":false,"footnotes":""},"categories":[16,1],"tags":[],"class_list":["post-44953","post","type-post","status-publish","format-standard","has-post-thumbnail","hentry","category-covid-19","category-portada"],"jetpack_featured_media_url":"https:\/\/i0.wp.com\/cdnoticias.com\/wp-content\/uploads\/2022\/01\/autotest-2.jpg?fit=1200%2C675&ssl=1","jetpack_sharing_enabled":true,"_links":{"self":[{"href":"https:\/\/cdnoticias.com\/index.php\/wp-json\/wp\/v2\/posts\/44953","targetHints":{"allow":["GET"]}}],"collection":[{"href":"https:\/\/cdnoticias.com\/index.php\/wp-json\/wp\/v2\/posts"}],"about":[{"href":"https:\/\/cdnoticias.com\/index.php\/wp-json\/wp\/v2\/types\/post"}],"author":[{"embeddable":true,"href":"https:\/\/cdnoticias.com\/index.php\/wp-json\/wp\/v2\/users\/6"}],"replies":[{"embeddable":true,"href":"https:\/\/cdnoticias.com\/index.php\/wp-json\/wp\/v2\/comments?post=44953"}],"version-history":[{"count":0,"href":"https:\/\/cdnoticias.com\/index.php\/wp-json\/wp\/v2\/posts\/44953\/revisions"}],"wp:featuredmedia":[{"embeddable":true,"href":"https:\/\/cdnoticias.com\/index.php\/wp-json\/wp\/v2\/media\/43748"}],"wp:attachment":[{"href":"https:\/\/cdnoticias.com\/index.php\/wp-json\/wp\/v2\/media?parent=44953"}],"wp:term":[{"taxonomy":"category","embeddable":true,"href":"https:\/\/cdnoticias.com\/index.php\/wp-json\/wp\/v2\/categories?post=44953"},{"taxonomy":"post_tag","embeddable":true,"href":"https:\/\/cdnoticias.com\/index.php\/wp-json\/wp\/v2\/tags?post=44953"}],"curies":[{"name":"wp","href":"https:\/\/api.w.org\/{rel}","templated":true}]}}