{"id":44928,"date":"2022-01-27T15:51:09","date_gmt":"2022-01-27T18:51:09","guid":{"rendered":"https:\/\/www.centraldenoticias.com.ar\/?p=44928"},"modified":"2022-01-27T15:51:09","modified_gmt":"2022-01-27T18:51:09","slug":"gabriel-requena-renuncio-a-la-direccion-de-personal-municipal","status":"publish","type":"post","link":"https:\/\/cdnoticias.com\/index.php\/2022\/01\/27\/gabriel-requena-renuncio-a-la-direccion-de-personal-municipal\/","title":{"rendered":"Gabriel Requena renunci\u00f3 a la Direcci\u00f3n de Personal Municipal"},"content":{"rendered":"<p>La salida del funcionario se confirm\u00f3 en la jornada de este jueves.<!--more--><\/p>\n<hr \/>\n<p><strong>\u201cDespu\u00e9s de seis a\u00f1os, se termina mi actividad en el Municipio\u201d<\/strong>. De esa manera Gabriel Requena revel\u00f3 a trav\u00e9s de sus redes sociales que dej\u00f3 su cargo al frente de la Direcci\u00f3n de Personal Municipal. Se\u00f1al\u00f3 que \u201cpor motivos personales renuncie al cargo como funcionario\u201d.<\/p>\n<p>&nbsp;<\/p>\n<p><strong>\u201cQuiero agradecer a Ezequiel Galli por la confianza depositada en m\u00ed para el cargo de Director de Personal y gracias tambi\u00e9n a todas y cada una de las personas que conoc\u00ed en este camino\u201d<\/strong>, a\u00f1adi\u00f3 en la publicaci\u00f3n que realiz\u00f3 en la ma\u00f1ana de este jueves, que acompa\u00f1\u00f3 con una foto con el intendente municipal.<\/p>\n<p>&nbsp;<\/p>\n<p>A la par, a\u00f1adi\u00f3 que \u201ccomo as\u00ed yo me llevo un recuerdo maravilloso de mis a\u00f1os en el Municipio, deseo que tambi\u00e9n les quede una linda imagen de m\u00ed, porque he hecho este trabajo con la mayor de las responsabilidades, primando el di\u00e1logo y el respeto para que las cosas funcionaran\u201d. <strong>\u201cMi familia ha sido un soporte fundamental para tomar esta decisi\u00f3n\u201d<\/strong>, finaliz\u00f3.<\/p>\n","protected":false},"excerpt":{"rendered":"<p>La salida del funcionario se confirm\u00f3 en la jornada de este jueves.<\/p>\n","protected":false},"author":3,"featured_media":44931,"comment_status":"closed","ping_status":"closed","sticky":false,"template":"","format":"standard","meta":{"_jetpack_memberships_contains_paid_content":false,"footnotes":""},"categories":[4,1],"tags":[],"class_list":["post-44928","post","type-post","status-publish","format-standard","has-post-thumbnail","hentry","category-politica","category-portada"],"jetpack_featured_media_url":"https:\/\/i0.wp.com\/cdnoticias.com\/wp-content\/uploads\/2022\/01\/WhatsApp-Image-2022-01-27-at-15.25.50-e1643309260246.jpeg?fit=1600%2C980&ssl=1","jetpack_sharing_enabled":true,"_links":{"self":[{"href":"https:\/\/cdnoticias.com\/index.php\/wp-json\/wp\/v2\/posts\/44928","targetHints":{"allow":["GET"]}}],"collection":[{"href":"https:\/\/cdnoticias.com\/index.php\/wp-json\/wp\/v2\/posts"}],"about":[{"href":"https:\/\/cdnoticias.com\/index.php\/wp-json\/wp\/v2\/types\/post"}],"author":[{"embeddable":true,"href":"https:\/\/cdnoticias.com\/index.php\/wp-json\/wp\/v2\/users\/3"}],"replies":[{"embeddable":true,"href":"https:\/\/cdnoticias.com\/index.php\/wp-json\/wp\/v2\/comments?post=44928"}],"version-history":[{"count":0,"href":"https:\/\/cdnoticias.com\/index.php\/wp-json\/wp\/v2\/posts\/44928\/revisions"}],"wp:featuredmedia":[{"embeddable":true,"href":"https:\/\/cdnoticias.com\/index.php\/wp-json\/wp\/v2\/media\/44931"}],"wp:attachment":[{"href":"https:\/\/cdnoticias.com\/index.php\/wp-json\/wp\/v2\/media?parent=44928"}],"wp:term":[{"taxonomy":"category","embeddable":true,"href":"https:\/\/cdnoticias.com\/index.php\/wp-json\/wp\/v2\/categories?post=44928"},{"taxonomy":"post_tag","embeddable":true,"href":"https:\/\/cdnoticias.com\/index.php\/wp-json\/wp\/v2\/tags?post=44928"}],"curies":[{"name":"wp","href":"https:\/\/api.w.org\/{rel}","templated":true}]}}