{"id":44921,"date":"2022-01-28T15:17:33","date_gmt":"2022-01-28T18:17:33","guid":{"rendered":"https:\/\/www.centraldenoticias.com.ar\/?p=44921"},"modified":"2022-01-28T15:17:33","modified_gmt":"2022-01-28T18:17:33","slug":"cuarta-fecha-de-sabado-amigo-y-duelo-de-estilos","status":"publish","type":"post","link":"https:\/\/cdnoticias.com\/index.php\/2022\/01\/28\/cuarta-fecha-de-sabado-amigo-y-duelo-de-estilos\/","title":{"rendered":"Cuarta fecha de &#8220;S\u00e1bado Amigo&#8221; y duelo de estilos"},"content":{"rendered":"<p>Ser\u00e1 este s\u00e1bado 29 de enero a partir de las 19:00 en el Centro Cultural &#8220;San Jos\u00e9&#8221;. <!--more--><\/p>\n<hr \/>\n<p>&nbsp;<\/p>\n<p>Este <strong>s\u00e1bado 29 de enero<\/strong> se realizar\u00e1 la <strong>cuarta fecha de \u201cS\u00e1bado Amigo\u201d<\/strong>.\u00a0El <strong>ciclo se desarrolla todos los s\u00e1bados de enero y febrero,<\/strong> a partir de las<strong> 19:00<\/strong> en el patio del <strong>Centro Cultural<\/strong> Municipal <strong>\u201cSan Jos\u00e9\u201d<\/strong>, con <strong>entrada libre y gratuita.<\/strong><\/p>\n<p>&nbsp;<\/p>\n<p>En esta nueva fecha <strong>habr\u00e1 competencia de freestyle<\/strong>, con The Cypher Olavarr\u00eda como show en vivo y las presentaciones de FJ, Zayla, Leo Zona Urbana, Demasia, Nahuel Elerap, Regeneraci\u00f3n Urbana, Nacho CTC, Chence, Ale Z, MC Blocq y DJ Secuencia.<\/p>\n<p>&nbsp;<\/p>\n<p>El programa de <strong>\u201cS\u00e1bado Amigo\u201d<\/strong> continuar\u00e1 de la siguiente manera:<\/p>\n<p>&nbsp;<\/p>\n<p><strong>S\u00e1bado 5 de febrero<\/strong><\/p>\n<ul>\n<li>Lisandro Elzegbe y los entes de Kely<\/li>\n<li>El profeta marciano<\/li>\n<\/ul>\n<p><strong>S\u00e1bado 12 de febrero<\/strong><\/p>\n<ul>\n<li>Jos\u00e9 Lucero Pedraz (Folclore)<\/li>\n<li>Los Chuma (Folclore)<\/li>\n<\/ul>\n<p><strong>S\u00e1bado 26 de febrero<\/strong><\/p>\n<ul>\n<li>Piwi Tr\u00edo (Fusi\u00f3n)<\/li>\n<\/ul>\n<p>&nbsp;<\/p>\n<p>El <strong>Centro Cultural<\/strong> abre sus puertas de <strong>lunes a viernes de 07:00 a 13:00<\/strong> <strong>martes a viernes de 17:30 a 21:30 s\u00e1bados, domingos y feriados de 18:00 a 22:00.\u00a0<\/strong><\/p>\n","protected":false},"excerpt":{"rendered":"<p>Ser\u00e1 este s\u00e1bado 29 de enero a partir de las 19:00 en el Centro Cultural &#8220;San Jos\u00e9&#8221;.<\/p>\n","protected":false},"author":6,"featured_media":44922,"comment_status":"closed","ping_status":"closed","sticky":false,"template":"","format":"standard","meta":{"_jetpack_memberships_contains_paid_content":false,"footnotes":""},"categories":[9,1],"tags":[],"class_list":["post-44921","post","type-post","status-publish","format-standard","has-post-thumbnail","hentry","category-cultura","category-portada"],"jetpack_featured_media_url":"https:\/\/i0.wp.com\/cdnoticias.com\/wp-content\/uploads\/2022\/01\/Cultura-Sabado-Amigo-2-1024x685-1.jpg?fit=1024%2C685&ssl=1","jetpack_sharing_enabled":true,"_links":{"self":[{"href":"https:\/\/cdnoticias.com\/index.php\/wp-json\/wp\/v2\/posts\/44921","targetHints":{"allow":["GET"]}}],"collection":[{"href":"https:\/\/cdnoticias.com\/index.php\/wp-json\/wp\/v2\/posts"}],"about":[{"href":"https:\/\/cdnoticias.com\/index.php\/wp-json\/wp\/v2\/types\/post"}],"author":[{"embeddable":true,"href":"https:\/\/cdnoticias.com\/index.php\/wp-json\/wp\/v2\/users\/6"}],"replies":[{"embeddable":true,"href":"https:\/\/cdnoticias.com\/index.php\/wp-json\/wp\/v2\/comments?post=44921"}],"version-history":[{"count":0,"href":"https:\/\/cdnoticias.com\/index.php\/wp-json\/wp\/v2\/posts\/44921\/revisions"}],"wp:featuredmedia":[{"embeddable":true,"href":"https:\/\/cdnoticias.com\/index.php\/wp-json\/wp\/v2\/media\/44922"}],"wp:attachment":[{"href":"https:\/\/cdnoticias.com\/index.php\/wp-json\/wp\/v2\/media?parent=44921"}],"wp:term":[{"taxonomy":"category","embeddable":true,"href":"https:\/\/cdnoticias.com\/index.php\/wp-json\/wp\/v2\/categories?post=44921"},{"taxonomy":"post_tag","embeddable":true,"href":"https:\/\/cdnoticias.com\/index.php\/wp-json\/wp\/v2\/tags?post=44921"}],"curies":[{"name":"wp","href":"https:\/\/api.w.org\/{rel}","templated":true}]}}