{"id":44915,"date":"2022-01-27T12:47:52","date_gmt":"2022-01-27T15:47:52","guid":{"rendered":"https:\/\/www.centraldenoticias.com.ar\/?p=44915"},"modified":"2022-01-27T17:28:30","modified_gmt":"2022-01-27T20:28:30","slug":"galli-mostro-avances-en-la-repavimentacion-de-avenida-eva-peron","status":"publish","type":"post","link":"https:\/\/cdnoticias.com\/index.php\/2022\/01\/27\/galli-mostro-avances-en-la-repavimentacion-de-avenida-eva-peron\/","title":{"rendered":"Galli mostr\u00f3 avances en la repavimentaci\u00f3n de avenida Eva Per\u00f3n"},"content":{"rendered":"<p>Los trabajos ya se desarrollaron en alrededor de 50%. \u201cMayor seguridad\u201d en el tr\u00e1nsito. El intendente adelant\u00f3 que se repavimentar\u00e1n m\u00e1s avenidas: \u201cotro tramo de Alberdi y Avellaneda\u201d.<!--more--><\/p>\n<hr \/>\n<p><strong>El intendente Ezequiel Galli<\/strong>, junto al secretario de Mantenimiento y Obras P\u00fablicas Julio Ferraro, <strong>recorrieron la obra de repavimentaci\u00f3n de avenida Eva Per\u00f3n<\/strong>. <strong>\u201cMuestra un grado de avance cercano al 50%\u201d<\/strong> se indic\u00f3 desde la Municipalidad.<\/p>\n<p>&nbsp;<\/p>\n<p>Se destac\u00f3 que actualmente <strong>se trabaja en el sector de la rotonda<\/strong> \u201csiendo una obra fundamental para <strong>mejorar la transitabilidad<\/strong> en uno de los accesos m\u00e1s importantes a la planta urbana de la ciudad, con conexi\u00f3n directa con el Centro de Exposiciones y el Centro de Convenciones de Olavarr\u00eda\u201d.<\/p>\n<p>&nbsp;<\/p>\n<p>\u201cEsta repavimentaci\u00f3n es de vital importancia, dentro del Plan de Obras que estamos llevando a cabo, para <strong>hacer m\u00e1s seguro el tr\u00e1nsito<\/strong> para quienes circulan por el sector\u201d sostuvo el intendente Ezequiel Galli.<\/p>\n<p>&nbsp;<\/p>\n<p><img data-recalc-dims=\"1\" loading=\"lazy\" decoding=\"async\" class=\"size-large wp-image-44916 aligncenter\" src=\"https:\/\/i0.wp.com\/cdnoticias.com\/wp-content\/uploads\/2022\/01\/Obras-Repavimetancion-Av.-Circunvalacion-1-scaled-1.jpg?resize=800%2C534&#038;ssl=1\" alt=\"\" width=\"800\" height=\"534\" srcset=\"https:\/\/i0.wp.com\/cdnoticias.com\/wp-content\/uploads\/2022\/01\/Obras-Repavimetancion-Av.-Circunvalacion-1-scaled-1.jpg?resize=1024%2C684&amp;ssl=1 1024w, https:\/\/i0.wp.com\/cdnoticias.com\/wp-content\/uploads\/2022\/01\/Obras-Repavimetancion-Av.-Circunvalacion-1-scaled-1.jpg?resize=300%2C201&amp;ssl=1 300w, https:\/\/i0.wp.com\/cdnoticias.com\/wp-content\/uploads\/2022\/01\/Obras-Repavimetancion-Av.-Circunvalacion-1-scaled-1.jpg?resize=768%2C513&amp;ssl=1 768w, https:\/\/i0.wp.com\/cdnoticias.com\/wp-content\/uploads\/2022\/01\/Obras-Repavimetancion-Av.-Circunvalacion-1-scaled-1.jpg?resize=1536%2C1027&amp;ssl=1 1536w, https:\/\/i0.wp.com\/cdnoticias.com\/wp-content\/uploads\/2022\/01\/Obras-Repavimetancion-Av.-Circunvalacion-1-scaled-1.jpg?resize=2048%2C1369&amp;ssl=1 2048w, https:\/\/i0.wp.com\/cdnoticias.com\/wp-content\/uploads\/2022\/01\/Obras-Repavimetancion-Av.-Circunvalacion-1-scaled-1.jpg?resize=272%2C182&amp;ssl=1 272w, https:\/\/i0.wp.com\/cdnoticias.com\/wp-content\/uploads\/2022\/01\/Obras-Repavimetancion-Av.-Circunvalacion-1-scaled-1.jpg?w=1600&amp;ssl=1 1600w, https:\/\/i0.wp.com\/cdnoticias.com\/wp-content\/uploads\/2022\/01\/Obras-Repavimetancion-Av.-Circunvalacion-1-scaled-1.jpg?w=2400&amp;ssl=1 2400w\" sizes=\"auto, (max-width: 800px) 100vw, 800px\" \/><\/p>\n<p>&nbsp;<\/p>\n<blockquote><p>Adem\u00e1s record\u00f3 que \u201c\u00e9sta es una de las tantas que hemos hecho en el \u00faltimo tiempo, como las repavimentaciones en avenidas Alberdi, Ituzaing\u00f3 y Pueyrred\u00f3n\u201d. En este sentido anunci\u00f3 que \u201ccontinuaremos con otras avenidas importantes, como otro tramo de Alberdi y Avellaneda\u201d.<\/p><\/blockquote>\n<p>&nbsp;<\/p>\n<p>\u201cLo que buscamos con estas obras es <strong>mejorar la transitabilidad y reordenar el tr\u00e1nsito<\/strong>, que en definitiva brinda seguridad para los olavarrienses al circular por all\u00ed\u201d, concluy\u00f3.<\/p>\n<p>&nbsp;<\/p>\n<p><a href=\"https:\/\/cdnoticias.com\/index.php\/2021\/11\/23\/comenzo-la-repavimentacion-de-la-avenida-eva-peron\/\" target=\"_blank\" rel=\"noopener\">Las obras hab\u00edan comenzado a fines de noviembre<\/a>. En detalle, <strong>los trabajos comprenden la pavimentaci\u00f3n de la calzada entre Del Valle y Pueyrred\u00f3n<\/strong> que tendr\u00e1 un ancho de 7,30 metros. Se utiliza un hormig\u00f3n tipo H30 con un espesor de 0,18 metros. La base es de tosca compactada con un espesor de 0,20 metros. En tanto que en la rotonda de Eva Per\u00f3n y Pueyrred\u00f3n el ancho de la calzada ser\u00e1 de 8 metros.<\/p>\n","protected":false},"excerpt":{"rendered":"<p>Los trabajos ya se desarrollaron en alrededor de 50%. \u201cMayor seguridad\u201d en el tr\u00e1nsito. El intendente adelant\u00f3 que se repavimentar\u00e1n<\/p>\n","protected":false},"author":4,"featured_media":44917,"comment_status":"closed","ping_status":"closed","sticky":false,"template":"","format":"standard","meta":{"_jetpack_memberships_contains_paid_content":false,"footnotes":""},"categories":[5,1],"tags":[],"class_list":["post-44915","post","type-post","status-publish","format-standard","has-post-thumbnail","hentry","category-informacion-general","category-portada"],"jetpack_featured_media_url":"https:\/\/i0.wp.com\/cdnoticias.com\/wp-content\/uploads\/2022\/01\/Obras-Repavimetancion-Av.-Circunvalacion-2-scaled-1.jpg?fit=2560%2C1711&ssl=1","jetpack_sharing_enabled":true,"_links":{"self":[{"href":"https:\/\/cdnoticias.com\/index.php\/wp-json\/wp\/v2\/posts\/44915","targetHints":{"allow":["GET"]}}],"collection":[{"href":"https:\/\/cdnoticias.com\/index.php\/wp-json\/wp\/v2\/posts"}],"about":[{"href":"https:\/\/cdnoticias.com\/index.php\/wp-json\/wp\/v2\/types\/post"}],"author":[{"embeddable":true,"href":"https:\/\/cdnoticias.com\/index.php\/wp-json\/wp\/v2\/users\/4"}],"replies":[{"embeddable":true,"href":"https:\/\/cdnoticias.com\/index.php\/wp-json\/wp\/v2\/comments?post=44915"}],"version-history":[{"count":0,"href":"https:\/\/cdnoticias.com\/index.php\/wp-json\/wp\/v2\/posts\/44915\/revisions"}],"wp:featuredmedia":[{"embeddable":true,"href":"https:\/\/cdnoticias.com\/index.php\/wp-json\/wp\/v2\/media\/44917"}],"wp:attachment":[{"href":"https:\/\/cdnoticias.com\/index.php\/wp-json\/wp\/v2\/media?parent=44915"}],"wp:term":[{"taxonomy":"category","embeddable":true,"href":"https:\/\/cdnoticias.com\/index.php\/wp-json\/wp\/v2\/categories?post=44915"},{"taxonomy":"post_tag","embeddable":true,"href":"https:\/\/cdnoticias.com\/index.php\/wp-json\/wp\/v2\/tags?post=44915"}],"curies":[{"name":"wp","href":"https:\/\/api.w.org\/{rel}","templated":true}]}}