{"id":44909,"date":"2022-01-27T11:12:52","date_gmt":"2022-01-27T14:12:52","guid":{"rendered":"https:\/\/www.centraldenoticias.com.ar\/?p=44909"},"modified":"2022-01-27T12:50:11","modified_gmt":"2022-01-27T15:50:11","slug":"aumento-42-la-vtv-en-la-provincia-de-buenos-aires","status":"publish","type":"post","link":"https:\/\/cdnoticias.com\/index.php\/2022\/01\/27\/aumento-42-la-vtv-en-la-provincia-de-buenos-aires\/","title":{"rendered":"Aument\u00f3 42% la VTV en la provincia de Buenos Aires"},"content":{"rendered":"<p>El Gobierno bonaerense anunci\u00f3 un nuevo precio m\u00e1ximo para la Verificaci\u00f3n T\u00e9cnica Vehicular. Cu\u00e1nto deber\u00e1 abonar cada tipo de veh\u00edculo.<!--more--><\/p>\n<hr \/>\n<p><strong>El Gobierno bonaerense anunci\u00f3 un nuevo precio m\u00e1ximo para la Verificaci\u00f3n T\u00e9cnica Vehicular<\/strong>: el ministro de Transportes provincia, Jorge D\u00b4Onofrio, lo dispuso en una resoluci\u00f3n publicada en las \u00faltimas horas en el Bolet\u00edn Oficial.<\/p>\n<p>&nbsp;<\/p>\n<p><strong>\u201cA ra\u00edz del alza en la inflaci\u00f3n\u201d<\/strong>, la administraci\u00f3n de Axel Kicillof comenz\u00f3 a ajustar precios que hasta el momento no hab\u00edan recibido ning\u00fan tipo de actualizaci\u00f3n. Uno de ellos es el servicio de VTV que deben realizar anualmente los veh\u00edculos.<\/p>\n<p>&nbsp;<\/p>\n<p>Mediante la <strong>resoluci\u00f3n 2\/2022<\/strong> publicada en el Bolet\u00edn Oficial este mi\u00e9rcoles, D\u00b4Onofrio comunic\u00f3 cu\u00e1l ser\u00e1 la nueva <strong>tarifa m\u00e1xima para la VTV que regir\u00e1 durante todo el 2022<\/strong>.<\/p>\n<p>&nbsp;<\/p>\n<p><img data-recalc-dims=\"1\" loading=\"lazy\" decoding=\"async\" class=\"size-full wp-image-44910 aligncenter\" src=\"https:\/\/i0.wp.com\/cdnoticias.com\/wp-content\/uploads\/2022\/01\/VTV-verificacion.jpg?resize=730%2C411&#038;ssl=1\" alt=\"\" width=\"730\" height=\"411\" srcset=\"https:\/\/i0.wp.com\/cdnoticias.com\/wp-content\/uploads\/2022\/01\/VTV-verificacion.jpg?w=730&amp;ssl=1 730w, https:\/\/i0.wp.com\/cdnoticias.com\/wp-content\/uploads\/2022\/01\/VTV-verificacion.jpg?resize=300%2C169&amp;ssl=1 300w\" sizes=\"auto, (max-width: 730px) 100vw, 730px\" \/><\/p>\n<p>&nbsp;<\/p>\n<blockquote><p>De acuerdo a la administraci\u00f3n bonaerense, un veh\u00edculo normal que hasta el momento abonaba $ 1.498 ahora pasar\u00e1 a pagar un total de $1776,86 m\u00e1s el Impuesto al Valor Agregado, con lo cual la suma alcanza los $2.150. El incremento porcentual ronda 42%.<\/p><\/blockquote>\n<p>&nbsp;<\/p>\n<p>Esta proporci\u00f3n se ubica <strong>por debajo de la inflaci\u00f3n de 2021, que cerr\u00f3 en 50,9%<\/strong>, aunque igualmente se trata de un aumento considerable.<\/p>\n<p>&nbsp;<\/p>\n<p>Los <strong>aumentos seg\u00fan veh\u00edculo<\/strong>:<\/p>\n<p>&nbsp;<\/p>\n<ul>\n<li>Motoveh\u00edculos: $645<\/li>\n<li>Veh\u00edculos de hasta 2.500 kg: $2.150<\/li>\n<li>Veh\u00edculos de m\u00e1s de 2.500 kg: $3.870<\/li>\n<li>Remolques, semiremolques y acoplados de hasta 2.500 kg: $1.075<\/li>\n<li>Remolques, semiremolques y acoplados de m\u00e1s de 2.500 kg: $1.935<\/li>\n<\/ul>\n","protected":false},"excerpt":{"rendered":"<p>El Gobierno bonaerense anunci\u00f3 un nuevo precio m\u00e1ximo para la Verificaci\u00f3n T\u00e9cnica Vehicular. Cu\u00e1nto deber\u00e1 abonar cada tipo de veh\u00edculo.<\/p>\n","protected":false},"author":4,"featured_media":22476,"comment_status":"closed","ping_status":"closed","sticky":false,"template":"","format":"standard","meta":{"_jetpack_memberships_contains_paid_content":false,"footnotes":""},"categories":[6,1],"tags":[],"class_list":["post-44909","post","type-post","status-publish","format-standard","has-post-thumbnail","hentry","category-nacionales","category-portada"],"jetpack_featured_media_url":"https:\/\/i0.wp.com\/cdnoticias.com\/wp-content\/uploads\/2021\/05\/VTV.jpg?fit=800%2C445&ssl=1","jetpack_sharing_enabled":true,"_links":{"self":[{"href":"https:\/\/cdnoticias.com\/index.php\/wp-json\/wp\/v2\/posts\/44909","targetHints":{"allow":["GET"]}}],"collection":[{"href":"https:\/\/cdnoticias.com\/index.php\/wp-json\/wp\/v2\/posts"}],"about":[{"href":"https:\/\/cdnoticias.com\/index.php\/wp-json\/wp\/v2\/types\/post"}],"author":[{"embeddable":true,"href":"https:\/\/cdnoticias.com\/index.php\/wp-json\/wp\/v2\/users\/4"}],"replies":[{"embeddable":true,"href":"https:\/\/cdnoticias.com\/index.php\/wp-json\/wp\/v2\/comments?post=44909"}],"version-history":[{"count":0,"href":"https:\/\/cdnoticias.com\/index.php\/wp-json\/wp\/v2\/posts\/44909\/revisions"}],"wp:featuredmedia":[{"embeddable":true,"href":"https:\/\/cdnoticias.com\/index.php\/wp-json\/wp\/v2\/media\/22476"}],"wp:attachment":[{"href":"https:\/\/cdnoticias.com\/index.php\/wp-json\/wp\/v2\/media?parent=44909"}],"wp:term":[{"taxonomy":"category","embeddable":true,"href":"https:\/\/cdnoticias.com\/index.php\/wp-json\/wp\/v2\/categories?post=44909"},{"taxonomy":"post_tag","embeddable":true,"href":"https:\/\/cdnoticias.com\/index.php\/wp-json\/wp\/v2\/tags?post=44909"}],"curies":[{"name":"wp","href":"https:\/\/api.w.org\/{rel}","templated":true}]}}