{"id":44902,"date":"2022-01-28T08:03:20","date_gmt":"2022-01-28T11:03:20","guid":{"rendered":"https:\/\/www.centraldenoticias.com.ar\/?p=44902"},"modified":"2022-01-28T10:39:13","modified_gmt":"2022-01-28T13:39:13","slug":"este-viernes-se-hara-el-acto-de-actualizacion-del-cartel-de-ruta-3","status":"publish","type":"post","link":"https:\/\/cdnoticias.com\/index.php\/2022\/01\/28\/este-viernes-se-hara-el-acto-de-actualizacion-del-cartel-de-ruta-3\/","title":{"rendered":"Este viernes se har\u00e1 el acto de actualizaci\u00f3n del cartel de ruta 3"},"content":{"rendered":"<p>Desde las 19.30 se realizar\u00e1 la s\u00e9ptima actualizaci\u00f3n del cartel con el n\u00famero de v\u00edctimas por siniestros viales en ruta 3. Desde Azul se sostiene el reclamo de una autov\u00eda.<!--more--><\/p>\n<hr \/>\n<p><strong>Este viernes a las 19:30<\/strong> la Fundaci\u00f3n Ceda, Vecinos Autoconvocados Autov\u00eda Ya y Fundaci\u00f3n \u201cLaura Cristina Ambrosio Battistel\u201d (Estrellas Amarillas) <strong>realizar\u00e1n un homenaje al vecino Juan Crocco, conjuntamente con la s\u00e9ptima actualizaci\u00f3n de cifras de siniestralidad vial sobre ruta 3 en Azul<\/strong>.\u00a0<a href=\"https:\/\/cdnoticias.com\/index.php\/2022\/01\/17\/renovaran-el-cartel-de-victimas-de-siniestros-viales-en-la-ruta-nacional-3\/\" target=\"_blank\" rel=\"noopener\">Esta actividad se hab\u00eda programado para la semana pasada<\/a>, pero debi\u00f3 ser postergada debido a las condiciones clim\u00e1ticas.<\/p>\n<p>&nbsp;<\/p>\n<p>En esta ocasi\u00f3n, se trata de <strong>los datos actualizados hasta el 31 de octubre de 2021<\/strong> del cartel homenaje a las v\u00edctimas de siniestros viales en ruta 3 y el petitorio regional &#8220;Por una autopista en la Ruta 3&#8221;.<\/p>\n<p>&nbsp;<\/p>\n<p>El cartel se encuentra ubicado <strong>en el sector de la rotonda del Cristo en avenida Piazza y ruta 3 de la ciudad de Azul<\/strong>. El acto es abierto a todos los interesados.<\/p>\n<p>&nbsp;<\/p>\n<p>El <strong>n\u00famero de accidentes viales<\/strong> en el tramo de la ruta entre Monte y Azul, unos 250 kil\u00f3metros, creci\u00f3 de 216 a <strong>303<\/strong>. Los heridos registrados fueron 550 y 196 los fallecidos, lo que indica la vigencia del reclamo por la construcci\u00f3n de la autopista.<\/p>\n","protected":false},"excerpt":{"rendered":"<p>Desde las 19.30 se realizar\u00e1 la s\u00e9ptima actualizaci\u00f3n del cartel con el n\u00famero de v\u00edctimas por siniestros viales en ruta<\/p>\n","protected":false},"author":4,"featured_media":44903,"comment_status":"closed","ping_status":"closed","sticky":false,"template":"","format":"standard","meta":{"_jetpack_memberships_contains_paid_content":false,"footnotes":""},"categories":[6,1],"tags":[],"class_list":["post-44902","post","type-post","status-publish","format-standard","has-post-thumbnail","hentry","category-nacionales","category-portada"],"jetpack_featured_media_url":"https:\/\/i0.wp.com\/cdnoticias.com\/wp-content\/uploads\/2022\/01\/ruta-3-reclamo-autopista.jpg?fit=1198%2C684&ssl=1","jetpack_sharing_enabled":true,"_links":{"self":[{"href":"https:\/\/cdnoticias.com\/index.php\/wp-json\/wp\/v2\/posts\/44902","targetHints":{"allow":["GET"]}}],"collection":[{"href":"https:\/\/cdnoticias.com\/index.php\/wp-json\/wp\/v2\/posts"}],"about":[{"href":"https:\/\/cdnoticias.com\/index.php\/wp-json\/wp\/v2\/types\/post"}],"author":[{"embeddable":true,"href":"https:\/\/cdnoticias.com\/index.php\/wp-json\/wp\/v2\/users\/4"}],"replies":[{"embeddable":true,"href":"https:\/\/cdnoticias.com\/index.php\/wp-json\/wp\/v2\/comments?post=44902"}],"version-history":[{"count":0,"href":"https:\/\/cdnoticias.com\/index.php\/wp-json\/wp\/v2\/posts\/44902\/revisions"}],"wp:featuredmedia":[{"embeddable":true,"href":"https:\/\/cdnoticias.com\/index.php\/wp-json\/wp\/v2\/media\/44903"}],"wp:attachment":[{"href":"https:\/\/cdnoticias.com\/index.php\/wp-json\/wp\/v2\/media?parent=44902"}],"wp:term":[{"taxonomy":"category","embeddable":true,"href":"https:\/\/cdnoticias.com\/index.php\/wp-json\/wp\/v2\/categories?post=44902"},{"taxonomy":"post_tag","embeddable":true,"href":"https:\/\/cdnoticias.com\/index.php\/wp-json\/wp\/v2\/tags?post=44902"}],"curies":[{"name":"wp","href":"https:\/\/api.w.org\/{rel}","templated":true}]}}