{"id":44866,"date":"2022-01-26T17:57:21","date_gmt":"2022-01-26T20:57:21","guid":{"rendered":"https:\/\/www.centraldenoticias.com.ar\/?p=44866"},"modified":"2022-01-26T17:57:21","modified_gmt":"2022-01-26T20:57:21","slug":"chillar-una-mujer-debio-ser-trasladada-en-la-caja-de-una-camioneta","status":"publish","type":"post","link":"https:\/\/cdnoticias.com\/index.php\/2022\/01\/26\/chillar-una-mujer-debio-ser-trasladada-en-la-caja-de-una-camioneta\/","title":{"rendered":"Chillar: Una mujer debi\u00f3 ser trasladada en la caja de una camioneta"},"content":{"rendered":"<p>Un vecino registr\u00f3 como su madre debi\u00f3 ser trasladada en una camioneta particular al no contar con una ambulancia en condiciones. Video.<!--more--><\/p>\n<hr \/>\n<p><strong>Se agudiza el conflicto en Chillar con respecto a la falta de recursos m\u00e9dicos para abastecer el centro sanitario de la localidad azule\u00f1a<\/strong>, un reclamo que en las \u00faltimas horas ha tenido como principal estandarte el pedido de una ambulancia en condiciones. Movilizaciones de vecinos, cruces entre oficialismo y oposici\u00f3n y hasta la divulgaci\u00f3n de diversos comunicados dan marco a un escenario que va ganando cada vez m\u00e1s temperatura.<\/p>\n<p>&nbsp;<\/p>\n<p>\u201cSe\u00f1ores as\u00ed estamos en el Hospital de Chillar\u201d, puede escucharse en el video que se viraliz\u00f3 en las \u00faltimas horas y que fue registrado por <strong>un hombre que debi\u00f3 trasladar a su madre en la caja de una camioneta particular, debido a no poder\u00a0 contar con una ambulancia en condiciones.<\/strong><\/p>\n<p>&nbsp;<\/p>\n<div class=\"jetpack-video-wrapper\"><iframe loading=\"lazy\" title=\"Chillar: Una mujer debi\u00f3 ser trasladada en una camioneta\" width=\"800\" height=\"450\" src=\"https:\/\/www.youtube.com\/embed\/ZdQ2nFZPf70?feature=oembed\" frameborder=\"0\" allow=\"accelerometer; autoplay; clipboard-write; encrypted-media; gyroscope; picture-in-picture\" allowfullscreen><\/iframe><\/div>\n<p>&nbsp;<\/p>\n<p>En los videos el hombre arroj\u00f3 todo tipo de cr\u00edticas y cuestionamientos no s\u00f3lo a la figura del intendente azule\u00f1o, Hern\u00e1n Bertellys, sino tambi\u00e9n al resto del arco pol\u00edtico.<strong> \u201cMi mam\u00e1 se quebr\u00f3 la cadera aparentemente, vino al hospital, no hay rayos, no hay nada, no hay ambulancia\u201d<\/strong>, narr\u00f3 mientras en la imagen puede verse c\u00f3mo fue colocado un colch\u00f3n en la caja de una pick up.<\/p>\n<p>&nbsp;<\/p>\n<p><strong>\u201cEsta es la desidia. As\u00ed estamos Bertellys, as\u00ed estamos oposici\u00f3n\u201d<\/strong>, reproch\u00f3 y agreg\u00f3 que traslad\u00f3 a su madre al centro asistencial de nuestra ciudad.<\/p>\n","protected":false},"excerpt":{"rendered":"<p>Un vecino registr\u00f3 como su madre debi\u00f3 ser trasladada en una camioneta particular al no contar con una ambulancia en<\/p>\n","protected":false},"author":3,"featured_media":44867,"comment_status":"closed","ping_status":"closed","sticky":false,"template":"","format":"standard","meta":{"_jetpack_memberships_contains_paid_content":false,"footnotes":""},"categories":[5,1],"tags":[],"class_list":["post-44866","post","type-post","status-publish","format-standard","has-post-thumbnail","hentry","category-informacion-general","category-portada"],"jetpack_featured_media_url":"https:\/\/i0.wp.com\/cdnoticias.com\/wp-content\/uploads\/2022\/01\/chillar.jpg?fit=800%2C445&ssl=1","jetpack_sharing_enabled":true,"_links":{"self":[{"href":"https:\/\/cdnoticias.com\/index.php\/wp-json\/wp\/v2\/posts\/44866","targetHints":{"allow":["GET"]}}],"collection":[{"href":"https:\/\/cdnoticias.com\/index.php\/wp-json\/wp\/v2\/posts"}],"about":[{"href":"https:\/\/cdnoticias.com\/index.php\/wp-json\/wp\/v2\/types\/post"}],"author":[{"embeddable":true,"href":"https:\/\/cdnoticias.com\/index.php\/wp-json\/wp\/v2\/users\/3"}],"replies":[{"embeddable":true,"href":"https:\/\/cdnoticias.com\/index.php\/wp-json\/wp\/v2\/comments?post=44866"}],"version-history":[{"count":0,"href":"https:\/\/cdnoticias.com\/index.php\/wp-json\/wp\/v2\/posts\/44866\/revisions"}],"wp:featuredmedia":[{"embeddable":true,"href":"https:\/\/cdnoticias.com\/index.php\/wp-json\/wp\/v2\/media\/44867"}],"wp:attachment":[{"href":"https:\/\/cdnoticias.com\/index.php\/wp-json\/wp\/v2\/media?parent=44866"}],"wp:term":[{"taxonomy":"category","embeddable":true,"href":"https:\/\/cdnoticias.com\/index.php\/wp-json\/wp\/v2\/categories?post=44866"},{"taxonomy":"post_tag","embeddable":true,"href":"https:\/\/cdnoticias.com\/index.php\/wp-json\/wp\/v2\/tags?post=44866"}],"curies":[{"name":"wp","href":"https:\/\/api.w.org\/{rel}","templated":true}]}}