{"id":44794,"date":"2022-01-26T08:41:05","date_gmt":"2022-01-26T11:41:05","guid":{"rendered":"https:\/\/www.centraldenoticias.com.ar\/?p=44794"},"modified":"2022-01-26T10:10:23","modified_gmt":"2022-01-26T13:10:23","slug":"vacunacion-libre-con-tercera-dosis-para-trabajadores-de-la-educacion","status":"publish","type":"post","link":"https:\/\/cdnoticias.com\/index.php\/2022\/01\/26\/vacunacion-libre-con-tercera-dosis-para-trabajadores-de-la-educacion\/","title":{"rendered":"Vacunaci\u00f3n libre con tercera dosis para trabajadores de la educaci\u00f3n y mayores de 50 a\u00f1os"},"content":{"rendered":"<p>El Gobernador inform\u00f3 tambi\u00e9n la implementaci\u00f3n de jornadas itinerantes de vacunaci\u00f3n en 2.600 escuelas bonaerenses. Ya se superaron 5,5 millones de aplicaciones en ni\u00f1os, ni\u00f1as y adolescentes, alcanzando una cobertura del 76% con primera dosis y 54% con el segundo componente.<\/p>\n<p><!--more--><\/p>\n<hr \/>\n<p><strong>\u201cEl programa de vacunaci\u00f3n libre y federal con tercera dosis se extiende a las y los trabajadores de la educaci\u00f3n y a todas las personas mayores de 50 a\u00f1os<\/strong>, siempre que hayan completado sus esquemas primarios hace al menos cuatro meses\u201d, anunci\u00f3 este martes el <strong>gobernador de la provincia de Buenos Aires, Axel Kicillof<\/strong>, al encabezar de forma virtual una conferencia que se llev\u00f3 a cabo en la ciudad de Santa Teresita.<\/p>\n<p>&nbsp;<\/p>\n<p>Estuvieron presentes <em>la vicegobernadora Ver\u00f3nica Magario; los ministros de Producci\u00f3n, Ciencia e Innovaci\u00f3n Tecnol\u00f3gica, Augusto Costa; y de Salud, Nicol\u00e1s Kreplak; el director general de Cultura y Educaci\u00f3n, Alberto Sileoni; el director ejecutivo de ARBA, Cristian Girard; y el intendente de La Costa, Cristian Cardozo<\/em>.<\/p>\n<p>&nbsp;<\/p>\n<p>\u201cAs\u00ed como esta temporada hist\u00f3rica es posible gracias a la preparaci\u00f3n y el avance de la campa\u00f1a de vacunaci\u00f3n, estamos <strong>planificando tambi\u00e9n el ciclo lectivo 2022<\/strong>: queremos tener una vuelta al colegio cuidada\u201d, asegur\u00f3 Kicillof, al tiempo que valor\u00f3 <em>\u201cel esfuerzo que han hecho las y los docentes para ir a buscar casa por casa a quienes hab\u00edan perdido el v\u00ednculo, demostrando que en la Provincia no vamos a dejar a nadie atr\u00e1s\u201d<\/em>.<\/p>\n<p>&nbsp;<\/p>\n<p><img data-recalc-dims=\"1\" loading=\"lazy\" decoding=\"async\" class=\"size-full wp-image-44799 aligncenter\" src=\"https:\/\/i0.wp.com\/cdnoticias.com\/wp-content\/uploads\/2022\/01\/conferencia-kicillof-00.jpg?resize=800%2C451&#038;ssl=1\" alt=\"\" width=\"800\" height=\"451\" srcset=\"https:\/\/i0.wp.com\/cdnoticias.com\/wp-content\/uploads\/2022\/01\/conferencia-kicillof-00.jpg?w=800&amp;ssl=1 800w, https:\/\/i0.wp.com\/cdnoticias.com\/wp-content\/uploads\/2022\/01\/conferencia-kicillof-00.jpg?resize=300%2C169&amp;ssl=1 300w, https:\/\/i0.wp.com\/cdnoticias.com\/wp-content\/uploads\/2022\/01\/conferencia-kicillof-00.jpg?resize=768%2C433&amp;ssl=1 768w\" sizes=\"auto, (max-width: 800px) 100vw, 800px\" \/><\/p>\n<p>&nbsp;<\/p>\n<p>El programa Buenos Aires Vacunate ya <strong>super\u00f3 las 5,5 millones de aplicaciones en ni\u00f1os, ni\u00f1as y adolescentes<\/strong>, alcanzando una cobertura del 76% con primera dosis y 54% con el segundo componente. En tanto, <strong>526 mil docentes ya completaron sus esquemas primarios<\/strong> y m\u00e1s de 178 mil fueron inoculados tambi\u00e9n con la dosis de refuerzo.<\/p>\n<p>&nbsp;<\/p>\n<blockquote><p>En ese sentido, el Gobernador anunci\u00f3 tambi\u00e9n que \u201cde cara al comienzo del ciclo lectivo, en febrero vamos a realizar nuevas jornadas itinerantes de vacunaci\u00f3n en escuelas bonaerenses\u201d.<\/p><\/blockquote>\n<p>&nbsp;<\/p>\n<p>\u201cSe trata de <strong>un programa que ya hemos puesto en marcha en 815 instituciones<\/strong>, permitiendo alcanzar a 100 mil chicos y chicas, y que ahora va a sumar postas en 2.600 establecimientos educativos para seguir protegiendo a los estudiantes y a sus familias\u201d, a\u00f1adi\u00f3.<\/p>\n<p>&nbsp;<\/p>\n<p>En tanto, <strong>Magario subray\u00f3 que \u201cel descenso en el n\u00famero de internaciones tiene que ver con que la poblaci\u00f3n est\u00e1 vacunada<\/strong>, fruto del esfuerzo de un Gobierno que estuvo presente en los 135 distritos\u201d, al tiempo que inst\u00f3 a \u201cvacunar a los ni\u00f1os para que comiencen las clases y podamos garantizar que durante todo el ciclo lectivo la escuela sea un espacio social, de aprendizaje y conocimiento\u201d.<\/p>\n<p>&nbsp;<\/p>\n<blockquote><p>\u201cFrente a la pandemia, la Provincia ha realizado un trabajo inmenso de acompa\u00f1amiento y revinculaci\u00f3n, invirtiendo para sumar un cuerpo de docentes que ayuden a recuperar los aprendizajes perdidos\u201d, sostuvo Sileoni y a\u00f1adi\u00f3: \u201cPara nosotros no hay chicas y chicos que est\u00e9n perdidos: en la Provincia tenemos la obligaci\u00f3n \u00e9tica y la voluntad pol\u00edtica de ir a buscarlos uno por uno\u201d.<\/p><\/blockquote>\n<p>&nbsp;<\/p>\n<p><img data-recalc-dims=\"1\" loading=\"lazy\" decoding=\"async\" class=\"size-full wp-image-44796 aligncenter\" src=\"https:\/\/i0.wp.com\/cdnoticias.com\/wp-content\/uploads\/2022\/01\/conferencia-kreplak-00.jpg?resize=800%2C445&#038;ssl=1\" alt=\"\" width=\"800\" height=\"445\" srcset=\"https:\/\/i0.wp.com\/cdnoticias.com\/wp-content\/uploads\/2022\/01\/conferencia-kreplak-00.jpg?w=800&amp;ssl=1 800w, https:\/\/i0.wp.com\/cdnoticias.com\/wp-content\/uploads\/2022\/01\/conferencia-kreplak-00.jpg?resize=300%2C167&amp;ssl=1 300w, https:\/\/i0.wp.com\/cdnoticias.com\/wp-content\/uploads\/2022\/01\/conferencia-kreplak-00.jpg?resize=768%2C427&amp;ssl=1 768w\" sizes=\"auto, (max-width: 800px) 100vw, 800px\" \/><\/p>\n<p>&nbsp;<\/p>\n<p>Respecto a la situaci\u00f3n epidemiol\u00f3gica, <strong>Kreplak indic\u00f3 que \u201choy tuvimos 42.664 casos en la Provincia<\/strong>, luego de una semana con un promedio de 44 mil casos diarios\u201d. \u201c<strong>Estamos en el pico de la tercera ola<\/strong>, empezando a notar una desaceleraci\u00f3n en el ritmo de crecimiento de los contagios y sosteniendo un desacople muy importante con los casos graves, gracias a la campa\u00f1a de vacunaci\u00f3n\u201d, remarc\u00f3.<\/p>\n<p>&nbsp;<\/p>\n<p>El Ministro inform\u00f3 que<strong> la ocupaci\u00f3n de las camas de terapia intensiva es del 52,72%<\/strong>, siendo un 34,36% explicadas por causas de Covid-19. \u201cCon las medidas de cuidado y a partir de la campa\u00f1a de vacunaci\u00f3n, podemos sostener esta temporada de verano, ya que a pesar de que hay muchos casos, contamos con la <strong>capacidad de respuesta de nuestro sistema de salud<\/strong>\u201d, resalt\u00f3.<\/p>\n<p>&nbsp;<\/p>\n<p>&nbsp;<\/p>\n<blockquote class=\"twitter-tweet\">\n<p dir=\"ltr\" lang=\"es\">Tambi\u00e9n vamos a relanzar desde febrero la vacunaci\u00f3n Covid-19 y de otras vacunas del calendario nacional en las escuelas bonaerenses para que los ni\u00f1os, ni\u00f1as, adolescentes y sus familias puedan estar protegidos.<\/p>\n<p>\u00a1Sigamos cuid\u00e1ndonos! <a href=\"https:\/\/t.co\/3hUXAORUi1\">pic.twitter.com\/3hUXAORUi1<\/a><\/p>\n<p>\u2014 Axel Kicillof (@Kicillofok) <a href=\"https:\/\/twitter.com\/Kicillofok\/status\/1486106309875355653?ref_src=twsrc%5Etfw\">January 25, 2022<\/a><\/p><\/blockquote>\n<p><script async src=\"https:\/\/platform.twitter.com\/widgets.js\" charset=\"utf-8\"><\/script><\/p>\n<p>&nbsp;<\/p>\n<p><strong>Balance de la temporada en Santa Teresita<\/strong><\/p>\n<p>&nbsp;<\/p>\n<p>M\u00e1s temprano, las autoridades provinciales mantuvieron <strong>un encuentro con empresarios del turismo, la gastronom\u00eda y la cultura en el Golf Club de Santa Teresita<\/strong>. Estas reuniones impulsadas por el gobernador Kicillof tienen como objetivo dar cuenta de los resultados de la temporada, as\u00ed como tambi\u00e9n el intercambio de experiencias que permitan sumar elementos de cara a la generaci\u00f3n de turismo durante todo el a\u00f1o.<\/p>\n<p>&nbsp;<\/p>\n<p>Por su parte, Costa hizo hincapi\u00e9 en que \u201cseguimos transitando<strong> una temporada r\u00e9cord<\/strong>, en la cual ya han visitado los diferentes destinos tur\u00edsticos de la provincia de Buenos Aires unos 5.400.000 turistas, un 18% m\u00e1s que el promedio de los \u00faltimos cinco a\u00f1os y el mayor registro de los \u00faltimos 10\u201d. \u201cVamos a seguir manteniendo reuniones de trabajo con prestadores tur\u00edsticos para escuchar sus demandas y cumplir con lo que necesita la Provincia: un Estado que acompa\u00f1a al sector privado y les brinda las condiciones para desarrollarse y crecer\u201d, manifest\u00f3.<\/p>\n<p>&nbsp;<\/p>\n<p>Girard se\u00f1al\u00f3 que \u201cen ARBA nos planteamos desde el inicio de la gesti\u00f3n hacer una campa\u00f1a de acompa\u00f1amiento con el foco puesto en <strong>combatir la evasi\u00f3n y mejorar el cumplimiento tributario<\/strong>\u201d. Con el objetivo de continuar acompa\u00f1ando el desarrollo de la temporada, el titular de la agencia de recaudaci\u00f3n bonaerense anunci\u00f3 \u201cuna bonificaci\u00f3n del 25% en el impuesto inmobiliario para el sector hotelero, que puede alcanzar el 45% con el pago anual; y la actualizaci\u00f3n del monto de facturaci\u00f3n anual para que las empresas sean agentes de recaudaci\u00f3n, que ascendi\u00f3 de 150 millones a 250 millones de pesos\u201d.<\/p>\n<p>&nbsp;<\/p>\n<p><img data-recalc-dims=\"1\" loading=\"lazy\" decoding=\"async\" class=\"size-full wp-image-44798 aligncenter\" src=\"https:\/\/i0.wp.com\/cdnoticias.com\/wp-content\/uploads\/2022\/01\/conferencia-girard-00.jpg?resize=800%2C445&#038;ssl=1\" alt=\"\" width=\"800\" height=\"445\" srcset=\"https:\/\/i0.wp.com\/cdnoticias.com\/wp-content\/uploads\/2022\/01\/conferencia-girard-00.jpg?w=800&amp;ssl=1 800w, https:\/\/i0.wp.com\/cdnoticias.com\/wp-content\/uploads\/2022\/01\/conferencia-girard-00.jpg?resize=300%2C167&amp;ssl=1 300w, https:\/\/i0.wp.com\/cdnoticias.com\/wp-content\/uploads\/2022\/01\/conferencia-girard-00.jpg?resize=768%2C427&amp;ssl=1 768w\" sizes=\"auto, (max-width: 800px) 100vw, 800px\" \/><\/p>\n<p>&nbsp;<\/p>\n<p>Por su parte, <strong>el intendente Cardozo<\/strong> explic\u00f3 que \u201cen el municipio estamos teniendo una temporada r\u00e9cord, alcanzando los 2 millones de turistas y superando un 46% m\u00e1s de visitantes respecto de los a\u00f1os anteriores\u201d. \u201cEste es un verano que nunca olvidaremos, en el que los prestadores de servicios est\u00e1n trabajando un 30% m\u00e1s que en 2020, cuando todav\u00eda no hab\u00eda llegado la pandemia\u201d, sostuvo. En La Costa, el empleo registrado aument\u00f3 un 23% en relaci\u00f3n a 2020, al tiempo que desde agosto se abrieron 71 nuevos emprendimientos en rubros como la gastronom\u00eda y el entretenimiento.<\/p>\n<p>&nbsp;<\/p>\n<p>\u201cEstamos transitando una temporada hist\u00f3rica en todos los destinos tur\u00edsticos de la Provincia, gracias a la vacunaci\u00f3n y el trabajo coordinado desde el Estado para que este 2022 sea un <strong>a\u00f1o de recuperaci\u00f3n y transformaci\u00f3n<\/strong>\u201d, concluy\u00f3 Kicillof.<\/p>\n","protected":false},"excerpt":{"rendered":"<p>El Gobernador inform\u00f3 tambi\u00e9n la implementaci\u00f3n de jornadas itinerantes de vacunaci\u00f3n en 2.600 escuelas bonaerenses. Ya se superaron 5,5 millones<\/p>\n","protected":false},"author":4,"featured_media":44800,"comment_status":"closed","ping_status":"closed","sticky":false,"template":"","format":"standard","meta":{"_jetpack_memberships_contains_paid_content":false,"footnotes":""},"categories":[16,1],"tags":[],"class_list":["post-44794","post","type-post","status-publish","format-standard","has-post-thumbnail","hentry","category-covid-19","category-portada"],"jetpack_featured_media_url":"https:\/\/i0.wp.com\/cdnoticias.com\/wp-content\/uploads\/2022\/01\/conferencia-kicillof-01.jpg?fit=800%2C445&ssl=1","jetpack_sharing_enabled":true,"_links":{"self":[{"href":"https:\/\/cdnoticias.com\/index.php\/wp-json\/wp\/v2\/posts\/44794","targetHints":{"allow":["GET"]}}],"collection":[{"href":"https:\/\/cdnoticias.com\/index.php\/wp-json\/wp\/v2\/posts"}],"about":[{"href":"https:\/\/cdnoticias.com\/index.php\/wp-json\/wp\/v2\/types\/post"}],"author":[{"embeddable":true,"href":"https:\/\/cdnoticias.com\/index.php\/wp-json\/wp\/v2\/users\/4"}],"replies":[{"embeddable":true,"href":"https:\/\/cdnoticias.com\/index.php\/wp-json\/wp\/v2\/comments?post=44794"}],"version-history":[{"count":0,"href":"https:\/\/cdnoticias.com\/index.php\/wp-json\/wp\/v2\/posts\/44794\/revisions"}],"wp:featuredmedia":[{"embeddable":true,"href":"https:\/\/cdnoticias.com\/index.php\/wp-json\/wp\/v2\/media\/44800"}],"wp:attachment":[{"href":"https:\/\/cdnoticias.com\/index.php\/wp-json\/wp\/v2\/media?parent=44794"}],"wp:term":[{"taxonomy":"category","embeddable":true,"href":"https:\/\/cdnoticias.com\/index.php\/wp-json\/wp\/v2\/categories?post=44794"},{"taxonomy":"post_tag","embeddable":true,"href":"https:\/\/cdnoticias.com\/index.php\/wp-json\/wp\/v2\/tags?post=44794"}],"curies":[{"name":"wp","href":"https:\/\/api.w.org\/{rel}","templated":true}]}}