{"id":44760,"date":"2022-01-25T15:39:55","date_gmt":"2022-01-25T21:48:09","guid":{"rendered":"https:\/\/www.centraldenoticias.com.ar\/?p=44760"},"modified":"2025-02-02T10:43:19","modified_gmt":"2025-02-02T13:43:19","slug":"lucas-diaz-aspiroz-y-un-emotivo-adios-al-canotaje","status":"publish","type":"post","link":"https:\/\/cdnoticias.com\/index.php\/2022\/01\/25\/lucas-diaz-aspiroz-y-un-emotivo-adios-al-canotaje\/","title":{"rendered":"Lucas D\u00edaz Aspiroz y un emotivo adi\u00f3s al canotaje"},"content":{"rendered":"<p>A los 41 a\u00f1os, Lucas D\u00edaz Aspiroz anunci\u00f3 su retiro profesional del canotaje tras completar su segunda experiencia paral\u00edmpica y lo hizo p\u00fablico a trav\u00e9s de las redes sociales en las \u00faltimas horas.<!--more--><\/p>\n<hr \/>\n<p>El representante argentino de paracanotaje en los Juegos Paral\u00edmpicos de R\u00edo de Janeiro 2016 donde logr\u00f3 el sexto puesto y en Tokio 2021 donde fue 10\u00b0, anunci\u00f3 que dejar\u00e1 el canotaje y agradeci\u00f3 el apoyo recibido en su carrera en un sentido mensaje.<\/p>\n<p>&nbsp;<\/p>\n<p>Los motivos de la decisi\u00f3n del olavarriense en el mensaje que public\u00f3 en Instagram: \u201c<em>Luego de pensarlo mucho y muuucho les cuento que dejo el canotaje. Soy un convencido de que la vida me ha dado much\u00edsimo, no fue gratis no fue un regalo, s\u00e9 que me lo gan\u00e9, cada logro conseguido fue gracias a mi por sobre todas las cosas, sumado a las buenas personas que me encontr\u00e9 en el camino, las cuales me ayudaron a cumplir metas y objetivos. Desde un Santiago Casey, el cual me hizo descubrir el maravilloso deporte del canotaje, Mauro Castro, que me abri\u00f3 las puertas de su gym cuando nadie daba un peso por m\u00ed. A un Club como lo fue Estudiantes que siempre me brind\u00f3 sus instalaciones para que pudiera entrenar de la mejor manera y a todos los chicos y chicas que fueron pasando en estos 8 a\u00f1os y medio por la botera del club.<\/em><\/p>\n<p><em>A la FAC (Federaci\u00f3n Argentina de Canoas), a Abelardo (si le habr\u00e9 quemado la cabeza con el tema de los equipajes extra). Al ENARD que siempre, pero siempre coste\u00f3 cada viaje que yo hice al exterior (Wanda muchas gracias siempre), a la Secretaria de deportes de la Nacion (Ale Gracias por escucharme SIEMPRE).<\/em><\/p>\n<p><em>S\u00e9 que me voy a olvidar de muchas personas que me acompa\u00f1aron y pido perd\u00f3n por olvidar, a otras no voy a agradecer porque en lo deportivo sigo vigente, solo cambio mi rumbo y algunas firmas se vienen conmigo! (GRACIAS!). Me hubiera encantado poder seguir un poco m\u00e1s, s\u00e9 que tengo cuerpo para hacerlo, al menos Par\u00eds hubiera llegado, pero tambi\u00e9n es verdad que las cosas cuando no se disfrutan, ya no tiene sentido seguir en ese lugar.<\/em><\/p>\n<p><em>Fueron casi 9 a\u00f1os en los cuales represente a mi pa\u00eds de la mejor manera posible, jam\u00e1s me guarde nada. Siempre en el top 10 y HOY ME RETIRO SIENDO 8 del mundo y con dos juegos paral\u00edmpicos en mis hombros. Dos o tres<\/em> <em>personas se encargaron de hablar mal de mi, me tildaron de loco, conflictivo, renegado, a ellos les deseo lo mejor y mucha luz\u2026 Nadie puede se\u00f1alar ni decir nada acerca de este argentino, les aseguro que siempre me dirig\u00ed en mi pa\u00eds y en el mundo con much\u00edsimo respeto dejando a la celeste y blanca bien parada. C\u00f3mo dije reci\u00e9n, creo que me quedaba un poco de resto para seguir, pero este resto y ganas prefiero utilizarlas en buscar otro sue\u00f1o, por ac\u00e1 ya no lo disfrutaba.<\/em><\/p>\n<p><em>Muchas gracias a la Municipalidad de Olavarr\u00eda! Voy a hacer un p\u00e1rrafo aparte para agradecer a Brenda Sardon, ya que yo comenc\u00e9 teni\u00e9ndola como referente all\u00e1 por el 2013\/14, sos muy grande y gracias por esa charla en Tokio. Tambi\u00e9n agradecer a los entrenadores que tuve en el agua, Alejandro, el Mafe , Bren, Teru\u2026 gracias! Quiero agradecer al DEPORTE por haberme dado las fuerzas para bancar los golpes, los lugares y situaciones hostiles, por hacer que conf\u00ede en mi, por levantar mi autoestima, por hacerme valer\u2026. En s\u00edntesis, GRACIAS POR HACERME CREER EN MI!!! Podr\u00eda estar horas y horas escribiendo pero bueno, mejor voy cerrando este cap\u00edtulo en mi vida. Y un GRACIAAAASSSSSSSS as\u00ed de grande para todas esas personas que confiaron en mi y sobre todo a mi familia! Es hora de evolucionar. Y como siempre digo, \u201cla vida te pone obst\u00e1culos pero los l\u00edmites te los pones vos\u201d. Hasta el pr\u00f3ximo cap\u00edtulo de mi vida<\/em>\u201d.<\/p>\n","protected":false},"excerpt":{"rendered":"<p>A los 41 a\u00f1os, Lucas D\u00edaz Aspiroz anunci\u00f3 su retiro profesional del canotaje tras completar su segunda experiencia paral\u00edmpica y<\/p>\n","protected":false},"author":96739694,"featured_media":143374,"comment_status":"closed","ping_status":"closed","sticky":false,"template":"","format":"standard","meta":{"_jetpack_memberships_contains_paid_content":false,"footnotes":""},"categories":[30,1],"tags":[],"class_list":["post-44760","post","type-post","status-publish","format-standard","has-post-thumbnail","hentry","category-polideportivo","category-portada"],"jetpack_featured_media_url":"https:\/\/i0.wp.com\/cdnoticias.com\/wp-content\/uploads\/2021\/08\/WhatsApp-Image-2021-08-24-at-10.50.14-AM.jpeg?fit=1279%2C719&ssl=1","jetpack_sharing_enabled":true,"_links":{"self":[{"href":"https:\/\/cdnoticias.com\/index.php\/wp-json\/wp\/v2\/posts\/44760","targetHints":{"allow":["GET"]}}],"collection":[{"href":"https:\/\/cdnoticias.com\/index.php\/wp-json\/wp\/v2\/posts"}],"about":[{"href":"https:\/\/cdnoticias.com\/index.php\/wp-json\/wp\/v2\/types\/post"}],"author":[{"embeddable":true,"href":"https:\/\/cdnoticias.com\/index.php\/wp-json\/wp\/v2\/users\/96739694"}],"replies":[{"embeddable":true,"href":"https:\/\/cdnoticias.com\/index.php\/wp-json\/wp\/v2\/comments?post=44760"}],"version-history":[{"count":0,"href":"https:\/\/cdnoticias.com\/index.php\/wp-json\/wp\/v2\/posts\/44760\/revisions"}],"wp:featuredmedia":[{"embeddable":true,"href":"https:\/\/cdnoticias.com\/index.php\/wp-json\/wp\/v2\/media\/143374"}],"wp:attachment":[{"href":"https:\/\/cdnoticias.com\/index.php\/wp-json\/wp\/v2\/media?parent=44760"}],"wp:term":[{"taxonomy":"category","embeddable":true,"href":"https:\/\/cdnoticias.com\/index.php\/wp-json\/wp\/v2\/categories?post=44760"},{"taxonomy":"post_tag","embeddable":true,"href":"https:\/\/cdnoticias.com\/index.php\/wp-json\/wp\/v2\/tags?post=44760"}],"curies":[{"name":"wp","href":"https:\/\/api.w.org\/{rel}","templated":true}]}}