{"id":44750,"date":"2022-01-26T17:17:15","date_gmt":"2022-01-26T20:17:15","guid":{"rendered":"https:\/\/www.centraldenoticias.com.ar\/?p=44750"},"modified":"2022-01-26T17:17:15","modified_gmt":"2022-01-26T20:17:15","slug":"el-barrio-aoma-agasajo-a-manuel-goroso","status":"publish","type":"post","link":"https:\/\/cdnoticias.com\/index.php\/2022\/01\/26\/el-barrio-aoma-agasajo-a-manuel-goroso\/","title":{"rendered":"El barrio AOMA agasaj\u00f3 a Manuel Goroso"},"content":{"rendered":"<p>Se trata del joven olavarriense que tuvo una destacada actuaci\u00f3n en el Festival Nacional de Doma y Folclore de Jes\u00fas Mar\u00eda.<!--more--><\/p>\n<hr \/>\n<p>En los \u00faltimos d\u00edas vecinos e integrantes de la Sociedad de Fomento \u201cCarlos Von Bernard\u201d del barrio AOMA realizaron un <strong>recibimiento y agasajo a Manuel Goroso, el olavarriense que fue subcampe\u00f3n en la tabla general del Festival Nacional de Doma y Folclore de Jes\u00fas Mar\u00eda, en C\u00f3rdoba.<\/strong><\/p>\n<p>&nbsp;<\/p>\n<p><img data-recalc-dims=\"1\" loading=\"lazy\" decoding=\"async\" class=\"alignnone size-large wp-image-44753\" src=\"https:\/\/i0.wp.com\/cdnoticias.com\/wp-content\/uploads\/2022\/01\/WhatsApp-Image-2022-01-23-at-21.07.40.jpeg?resize=768%2C1024&#038;ssl=1\" alt=\"\" width=\"768\" height=\"1024\" srcset=\"https:\/\/i0.wp.com\/cdnoticias.com\/wp-content\/uploads\/2022\/01\/WhatsApp-Image-2022-01-23-at-21.07.40.jpeg?resize=768%2C1024&amp;ssl=1 768w, https:\/\/i0.wp.com\/cdnoticias.com\/wp-content\/uploads\/2022\/01\/WhatsApp-Image-2022-01-23-at-21.07.40.jpeg?resize=225%2C300&amp;ssl=1 225w, https:\/\/i0.wp.com\/cdnoticias.com\/wp-content\/uploads\/2022\/01\/WhatsApp-Image-2022-01-23-at-21.07.40.jpeg?w=780&amp;ssl=1 780w\" sizes=\"auto, (max-width: 768px) 100vw, 768px\" \/><\/p>\n<p>&nbsp;<\/p>\n<p>Del evento tambi\u00e9n tomaron parte familiares y amigos del olavarriense, quien<strong> se impuso en las ruedas de Gurupa y Bastos y qued\u00f3 segundo en la general del tradicional festival nacional.<\/strong><\/p>\n","protected":false},"excerpt":{"rendered":"<p>Se trata del joven olavarriense que tuvo una destacada actuaci\u00f3n en el Festival Nacional de Doma y Folclore de Jes\u00fas<\/p>\n","protected":false},"author":3,"featured_media":44754,"comment_status":"closed","ping_status":"closed","sticky":false,"template":"","format":"standard","meta":{"_jetpack_memberships_contains_paid_content":false,"footnotes":""},"categories":[5],"tags":[],"class_list":["post-44750","post","type-post","status-publish","format-standard","has-post-thumbnail","hentry","category-informacion-general"],"jetpack_featured_media_url":"https:\/\/i0.wp.com\/cdnoticias.com\/wp-content\/uploads\/2022\/01\/WhatsApp-Image-2022-01-23-at-21.08.39-e1643142929220.jpeg?fit=1029%2C623&ssl=1","jetpack_sharing_enabled":true,"_links":{"self":[{"href":"https:\/\/cdnoticias.com\/index.php\/wp-json\/wp\/v2\/posts\/44750","targetHints":{"allow":["GET"]}}],"collection":[{"href":"https:\/\/cdnoticias.com\/index.php\/wp-json\/wp\/v2\/posts"}],"about":[{"href":"https:\/\/cdnoticias.com\/index.php\/wp-json\/wp\/v2\/types\/post"}],"author":[{"embeddable":true,"href":"https:\/\/cdnoticias.com\/index.php\/wp-json\/wp\/v2\/users\/3"}],"replies":[{"embeddable":true,"href":"https:\/\/cdnoticias.com\/index.php\/wp-json\/wp\/v2\/comments?post=44750"}],"version-history":[{"count":0,"href":"https:\/\/cdnoticias.com\/index.php\/wp-json\/wp\/v2\/posts\/44750\/revisions"}],"wp:featuredmedia":[{"embeddable":true,"href":"https:\/\/cdnoticias.com\/index.php\/wp-json\/wp\/v2\/media\/44754"}],"wp:attachment":[{"href":"https:\/\/cdnoticias.com\/index.php\/wp-json\/wp\/v2\/media?parent=44750"}],"wp:term":[{"taxonomy":"category","embeddable":true,"href":"https:\/\/cdnoticias.com\/index.php\/wp-json\/wp\/v2\/categories?post=44750"},{"taxonomy":"post_tag","embeddable":true,"href":"https:\/\/cdnoticias.com\/index.php\/wp-json\/wp\/v2\/tags?post=44750"}],"curies":[{"name":"wp","href":"https:\/\/api.w.org\/{rel}","templated":true}]}}