{"id":44732,"date":"2022-01-25T16:14:02","date_gmt":"2022-01-25T19:14:02","guid":{"rendered":"https:\/\/www.centraldenoticias.com.ar\/?p=44732"},"modified":"2022-01-25T16:14:02","modified_gmt":"2022-01-25T19:14:02","slug":"una-motociclista-herida-tras-un-siniestro-vial-en-la-avenida-urquiza","status":"publish","type":"post","link":"https:\/\/cdnoticias.com\/index.php\/2022\/01\/25\/una-motociclista-herida-tras-un-siniestro-vial-en-la-avenida-urquiza\/","title":{"rendered":"Una motociclista herida tras un siniestro vial en la avenida Urquiza"},"content":{"rendered":"<p>Ocurri\u00f3 a la altura del cruce con Estrada. Fue trasladada por precauci\u00f3n al Hospital Municipal.<!--more--><\/p>\n<hr \/>\n<p>En el inicio de la tarde de este martes un violento siniestro vial tuvo como escenario la avenida Urquiza, en las cercan\u00edas de la rotonda que la une con la avenida Sarmiento. Una motociclista <strong>debi\u00f3 ser trasladada por precauci\u00f3n al Hospital Municipal \u201cDoctor H\u00e9ctor Cura\u201d debido a una importante p\u00e9rdida de sangre.<\/strong><\/p>\n<p>&nbsp;<\/p>\n<p>Todo sucedi\u00f3 minutos antes de las 14 en las cercan\u00edas del cruce con Estrada, en el carril con direcci\u00f3n hacia avenida Sarmiento. En condiciones que son a\u00fan materia de estudio una mujer que guiaba un ciclomotor <strong>perdi\u00f3 el equilibrio e impact\u00f3 violentamente contra el asfalto, donde qued\u00f3 tendida hasta el arribo de profesionales de la salud.<\/strong><\/p>\n<p>&nbsp;<\/p>\n<p><img data-recalc-dims=\"1\" loading=\"lazy\" decoding=\"async\" class=\"alignnone size-full wp-image-44733\" src=\"https:\/\/i0.wp.com\/cdnoticias.com\/wp-content\/uploads\/2022\/01\/accidente01.jpg?resize=800%2C445&#038;ssl=1\" alt=\"\" width=\"800\" height=\"445\" srcset=\"https:\/\/i0.wp.com\/cdnoticias.com\/wp-content\/uploads\/2022\/01\/accidente01.jpg?w=800&amp;ssl=1 800w, https:\/\/i0.wp.com\/cdnoticias.com\/wp-content\/uploads\/2022\/01\/accidente01.jpg?resize=300%2C167&amp;ssl=1 300w, https:\/\/i0.wp.com\/cdnoticias.com\/wp-content\/uploads\/2022\/01\/accidente01.jpg?resize=768%2C427&amp;ssl=1 768w\" sizes=\"auto, (max-width: 800px) 100vw, 800px\" \/><\/p>\n<p>&nbsp;<\/p>\n<p>Adem\u00e1s, vale dar cuenta que vecinos del lugar y ocasionales testigos fueron los primeros en auxiliarla y acompa\u00f1arla hasta el arribo de especialistas del SAME, quienes minutos m\u00e1s tarde la trasladaron al Hospital Municipal \u201cDoctor H\u00e9ctor Cura\u201d. <strong>Trascendi\u00f3 que no habr\u00eda sufrido de lesiones de consideraci\u00f3n.\u00a0<\/strong><\/p>\n<p>&nbsp;<\/p>\n<p>Por \u00faltimo, <strong>tambi\u00e9n colaboraron en la escena agentes del Comando de Patrullas<\/strong>, quienes reorganizaron la circulaci\u00f3n por el sector, que se vio reducida por unos pocos minutos.<\/p>\n","protected":false},"excerpt":{"rendered":"<p>Ocurri\u00f3 a la altura del cruce con Estrada. Fue trasladada por precauci\u00f3n al Hospital Municipal.<\/p>\n","protected":false},"author":3,"featured_media":44734,"comment_status":"closed","ping_status":"closed","sticky":false,"template":"","format":"standard","meta":{"_jetpack_memberships_contains_paid_content":false,"footnotes":""},"categories":[14,1],"tags":[],"class_list":["post-44732","post","type-post","status-publish","format-standard","has-post-thumbnail","hentry","category-policiales","category-portada"],"jetpack_featured_media_url":"https:\/\/i0.wp.com\/cdnoticias.com\/wp-content\/uploads\/2022\/01\/accidente.jpg?fit=800%2C445&ssl=1","jetpack_sharing_enabled":true,"_links":{"self":[{"href":"https:\/\/cdnoticias.com\/index.php\/wp-json\/wp\/v2\/posts\/44732","targetHints":{"allow":["GET"]}}],"collection":[{"href":"https:\/\/cdnoticias.com\/index.php\/wp-json\/wp\/v2\/posts"}],"about":[{"href":"https:\/\/cdnoticias.com\/index.php\/wp-json\/wp\/v2\/types\/post"}],"author":[{"embeddable":true,"href":"https:\/\/cdnoticias.com\/index.php\/wp-json\/wp\/v2\/users\/3"}],"replies":[{"embeddable":true,"href":"https:\/\/cdnoticias.com\/index.php\/wp-json\/wp\/v2\/comments?post=44732"}],"version-history":[{"count":0,"href":"https:\/\/cdnoticias.com\/index.php\/wp-json\/wp\/v2\/posts\/44732\/revisions"}],"wp:featuredmedia":[{"embeddable":true,"href":"https:\/\/cdnoticias.com\/index.php\/wp-json\/wp\/v2\/media\/44734"}],"wp:attachment":[{"href":"https:\/\/cdnoticias.com\/index.php\/wp-json\/wp\/v2\/media?parent=44732"}],"wp:term":[{"taxonomy":"category","embeddable":true,"href":"https:\/\/cdnoticias.com\/index.php\/wp-json\/wp\/v2\/categories?post=44732"},{"taxonomy":"post_tag","embeddable":true,"href":"https:\/\/cdnoticias.com\/index.php\/wp-json\/wp\/v2\/tags?post=44732"}],"curies":[{"name":"wp","href":"https:\/\/api.w.org\/{rel}","templated":true}]}}