{"id":44712,"date":"2022-01-25T12:45:32","date_gmt":"2022-01-25T15:45:32","guid":{"rendered":"https:\/\/www.centraldenoticias.com.ar\/?p=44712"},"modified":"2022-01-25T12:45:32","modified_gmt":"2022-01-25T15:45:32","slug":"el-paseo-de-la-salud-en-el-tramo-final-de-obra","status":"publish","type":"post","link":"https:\/\/cdnoticias.com\/index.php\/2022\/01\/25\/el-paseo-de-la-salud-en-el-tramo-final-de-obra\/","title":{"rendered":"El Paseo de la Salud, en el tramo final de obra"},"content":{"rendered":"<p>El jefe comunal, Ezequiel Galli, recorri\u00f3 el sector. El objetivo de las mejoras es que \u201cse consolide como un espacio destinado a la salud\u201d.<!--more--><\/p>\n<hr \/>\n<p><strong>El intendente Ezequiel Galli visit\u00f3 en la ma\u00f1ana de este martes la obra de puesta en valor del Paseo de la Salud<\/strong>, emplazado en la esquina de Brown y Belgrano, que presenta un importante avance.\u00a0\u201cCon esta obra, <strong>se busca generar un espacio abierto, integrado al entorno natural del parque<\/strong>, con un dise\u00f1o totalmente moderno y confortable, principalmente\u201d se destac\u00f3 desde la Municipalidad.<\/p>\n<p>&nbsp;<\/p>\n<p>Durante la recorrida, el Intendente estuvo acompa\u00f1ado por el secretario de Mantenimiento y Obras P\u00fablicas de la Municipalidad, Julio Ferraro. En la oportunidad, Galli destac\u00f3 que <strong>actualmente \u201cse est\u00e1 trabajando en nivelar lo que va a ser el piso. Ya nos encontramos en el tramo final de esta obra, que viene avanzando a paso firme\u201d<\/strong>.<\/p>\n<p>&nbsp;<\/p>\n<blockquote><p>\u201cEsperamos que se convierta en un lugar de encuentro para la gente. Se trata de una esquina muy importante de la ciudad. Los olavarrienses tenemos una identificaci\u00f3n con nuestros parques y nosotros trabajamos en ese sentido, en mejorar nuestros espacios p\u00fablicos, que son parte de nuestra identidad y patrimonio\u201d enfatiz\u00f3 el jefe comunal.<\/p><\/blockquote>\n<p>&nbsp;<\/p>\n<p><img data-recalc-dims=\"1\" loading=\"lazy\" decoding=\"async\" class=\"size-large wp-image-44714 aligncenter\" src=\"https:\/\/i0.wp.com\/cdnoticias.com\/wp-content\/uploads\/2022\/01\/Obras-Paseo-de-La-Salud-2-scaled-1.jpg?resize=800%2C534&#038;ssl=1\" alt=\"\" width=\"800\" height=\"534\" srcset=\"https:\/\/i0.wp.com\/cdnoticias.com\/wp-content\/uploads\/2022\/01\/Obras-Paseo-de-La-Salud-2-scaled-1.jpg?resize=1024%2C684&amp;ssl=1 1024w, https:\/\/i0.wp.com\/cdnoticias.com\/wp-content\/uploads\/2022\/01\/Obras-Paseo-de-La-Salud-2-scaled-1.jpg?resize=300%2C201&amp;ssl=1 300w, https:\/\/i0.wp.com\/cdnoticias.com\/wp-content\/uploads\/2022\/01\/Obras-Paseo-de-La-Salud-2-scaled-1.jpg?resize=768%2C513&amp;ssl=1 768w, https:\/\/i0.wp.com\/cdnoticias.com\/wp-content\/uploads\/2022\/01\/Obras-Paseo-de-La-Salud-2-scaled-1.jpg?resize=1536%2C1027&amp;ssl=1 1536w, https:\/\/i0.wp.com\/cdnoticias.com\/wp-content\/uploads\/2022\/01\/Obras-Paseo-de-La-Salud-2-scaled-1.jpg?resize=2048%2C1369&amp;ssl=1 2048w, https:\/\/i0.wp.com\/cdnoticias.com\/wp-content\/uploads\/2022\/01\/Obras-Paseo-de-La-Salud-2-scaled-1.jpg?resize=272%2C182&amp;ssl=1 272w, https:\/\/i0.wp.com\/cdnoticias.com\/wp-content\/uploads\/2022\/01\/Obras-Paseo-de-La-Salud-2-scaled-1.jpg?w=1600&amp;ssl=1 1600w, https:\/\/i0.wp.com\/cdnoticias.com\/wp-content\/uploads\/2022\/01\/Obras-Paseo-de-La-Salud-2-scaled-1.jpg?w=2400&amp;ssl=1 2400w\" sizes=\"auto, (max-width: 800px) 100vw, 800px\" \/><\/p>\n<p>&nbsp;<\/p>\n<p>Respecto del proyecto para el sector, se apunt\u00f3 a que \u201c<strong>se consolide como un espacio destinado a la salud<\/strong>, no s\u00f3lo por las actividades propiamente dichas que se desarrollan en relaci\u00f3n a los controles m\u00e9dicos, sino tambi\u00e9n por la posibilidad que aporta para la realizaci\u00f3n de eventos relacionados a la actividad f\u00edsica y el bienestar de la poblaci\u00f3n. Mediante el dise\u00f1o se propone que el espacio sea un lugar de encuentro y reuni\u00f3n, con el equipamiento urbano necesario, adaptado a los requerimientos actuales de la comunidad\u201d.<\/p>\n<p>&nbsp;<\/p>\n<p><strong>La obra<\/strong><\/p>\n<p>&nbsp;<\/p>\n<p>El <strong>acceso<\/strong> principal ser\u00e1 por la esquina de Belgrano y Avda. Brown, enmarcado por dos <strong>canteros<\/strong> elevados (situados sobre l\u00ednea municipal de dichas calles), que conducir\u00e1n a uno central, tambi\u00e9n elevado con un \u00fanico \u00e1rbol, que simbolizar\u00e1 la vida y el bienestar, para luego llegar al <strong>espacio f\u00edsico destinado a controles<\/strong>, que identificar\u00e1 al lugar como Paseo de la Salud.<\/p>\n<p>&nbsp;<\/p>\n<p><img data-recalc-dims=\"1\" loading=\"lazy\" decoding=\"async\" class=\"size-large wp-image-25429 aligncenter\" src=\"https:\/\/i0.wp.com\/cdnoticias.com\/wp-content\/uploads\/2021\/07\/Obras-Paseo-de-la-Salud-6.jpg?resize=800%2C450&#038;ssl=1\" alt=\"\" width=\"800\" height=\"450\" srcset=\"https:\/\/i0.wp.com\/cdnoticias.com\/wp-content\/uploads\/2021\/07\/Obras-Paseo-de-la-Salud-6.jpg?resize=1024%2C576&amp;ssl=1 1024w, https:\/\/i0.wp.com\/cdnoticias.com\/wp-content\/uploads\/2021\/07\/Obras-Paseo-de-la-Salud-6.jpg?resize=300%2C169&amp;ssl=1 300w, https:\/\/i0.wp.com\/cdnoticias.com\/wp-content\/uploads\/2021\/07\/Obras-Paseo-de-la-Salud-6.jpg?resize=768%2C432&amp;ssl=1 768w, https:\/\/i0.wp.com\/cdnoticias.com\/wp-content\/uploads\/2021\/07\/Obras-Paseo-de-la-Salud-6.jpg?w=1600&amp;ssl=1 1600w, https:\/\/i0.wp.com\/cdnoticias.com\/wp-content\/uploads\/2021\/07\/Obras-Paseo-de-la-Salud-6.jpg?w=2400&amp;ssl=1 2400w\" sizes=\"auto, (max-width: 800px) 100vw, 800px\" \/><\/p>\n<p>&nbsp;<\/p>\n<p>Cabe recordar, como antecedente, que el Paseo de la Salud <strong>fue inaugurado el d\u00eda 10 de mayo de 2017<\/strong> durante la gesti\u00f3n del intendente Ezequiel Galli, con dos objetivos claves: la promoci\u00f3n de h\u00e1bitos saludables y la prevenci\u00f3n de enfermedades no transmisibles.\u00a0Surgi\u00f3 por iniciativa de la Secretar\u00eda de Salud P\u00fablica y ha trabajado de manera multidisciplinaria y articulada con diferentes \u00e1reas como Bromatolog\u00eda, Deportes, Turismo, Cultura, en diferentes actividades, propuestas y campa\u00f1as de concientizaci\u00f3n, que tuvieron gran impacto en la comunidad.<\/p>\n<p>&nbsp;<\/p>\n<p>La obra de remodelaci\u00f3n del Paseo de la Salud <a href=\"https:\/\/cdnoticias.com\/index.php\/2021\/07\/01\/con-una-inversion-de-7-millones-de-pesos-se-renovara-el-paseo-de-la-salud\/\" target=\"_blank\" rel=\"noopener\">fue licitada en el mes de julio<\/a> en el Palacio San Mart\u00edn de la Municipalidad con la participaci\u00f3n de tres empresas oferentes, resultando adjudicataria la firma de <strong>Jos\u00e9 Carlos Balzi, por un monto de $6.920.000<\/strong>. <a href=\"https:\/\/cdnoticias.com\/index.php\/2021\/08\/24\/paseo-de-la-salud-apuntan-a-un-diseno-renovado-moderno-y-confortable\/\" target=\"_blank\" rel=\"noopener\">Los trabajos comenzaron a fines de agosto<\/a> y en noviembre el intendente <a href=\"https:\/\/cdnoticias.com\/index.php\/2021\/11\/16\/el-intendente-recorrio-la-obra-del-renovado-paseo-de-la-salud\/\" target=\"_blank\" rel=\"noopener\">se mostr\u00f3 de recorrida<\/a> en el sector.<\/p>\n","protected":false},"excerpt":{"rendered":"<p>El jefe comunal, Ezequiel Galli, recorri\u00f3 el sector. El objetivo de las mejoras es que \u201cse consolide como un espacio<\/p>\n","protected":false},"author":4,"featured_media":44713,"comment_status":"closed","ping_status":"closed","sticky":false,"template":"","format":"standard","meta":{"_jetpack_memberships_contains_paid_content":false,"footnotes":""},"categories":[5,1],"tags":[],"class_list":["post-44712","post","type-post","status-publish","format-standard","has-post-thumbnail","hentry","category-informacion-general","category-portada"],"jetpack_featured_media_url":"https:\/\/i0.wp.com\/cdnoticias.com\/wp-content\/uploads\/2022\/01\/Obras-Paseo-de-La-Salud-1-scaled-1.jpg?fit=2560%2C1711&ssl=1","jetpack_sharing_enabled":true,"_links":{"self":[{"href":"https:\/\/cdnoticias.com\/index.php\/wp-json\/wp\/v2\/posts\/44712","targetHints":{"allow":["GET"]}}],"collection":[{"href":"https:\/\/cdnoticias.com\/index.php\/wp-json\/wp\/v2\/posts"}],"about":[{"href":"https:\/\/cdnoticias.com\/index.php\/wp-json\/wp\/v2\/types\/post"}],"author":[{"embeddable":true,"href":"https:\/\/cdnoticias.com\/index.php\/wp-json\/wp\/v2\/users\/4"}],"replies":[{"embeddable":true,"href":"https:\/\/cdnoticias.com\/index.php\/wp-json\/wp\/v2\/comments?post=44712"}],"version-history":[{"count":0,"href":"https:\/\/cdnoticias.com\/index.php\/wp-json\/wp\/v2\/posts\/44712\/revisions"}],"wp:featuredmedia":[{"embeddable":true,"href":"https:\/\/cdnoticias.com\/index.php\/wp-json\/wp\/v2\/media\/44713"}],"wp:attachment":[{"href":"https:\/\/cdnoticias.com\/index.php\/wp-json\/wp\/v2\/media?parent=44712"}],"wp:term":[{"taxonomy":"category","embeddable":true,"href":"https:\/\/cdnoticias.com\/index.php\/wp-json\/wp\/v2\/categories?post=44712"},{"taxonomy":"post_tag","embeddable":true,"href":"https:\/\/cdnoticias.com\/index.php\/wp-json\/wp\/v2\/tags?post=44712"}],"curies":[{"name":"wp","href":"https:\/\/api.w.org\/{rel}","templated":true}]}}