{"id":44705,"date":"2022-01-25T11:51:09","date_gmt":"2022-01-25T14:51:09","guid":{"rendered":"https:\/\/www.centraldenoticias.com.ar\/?p=44705"},"modified":"2022-01-25T14:07:42","modified_gmt":"2022-01-25T17:07:42","slug":"un-hombre-en-grave-estado-tras-sufrir-multiples-heridas-de-arma-blanca","status":"publish","type":"post","link":"https:\/\/cdnoticias.com\/index.php\/2022\/01\/25\/un-hombre-en-grave-estado-tras-sufrir-multiples-heridas-de-arma-blanca\/","title":{"rendered":"Un hombre en grave estado tras sufrir \u201cm\u00faltiples heridas de arma blanca\u201d"},"content":{"rendered":"<p>El hecho se produjo el pasado domingo. El agresor, un familiar, se encuentra aprehendido. <!--more--><\/p>\n<hr \/>\n<p>El pasado domingo, <strong>un hecho de violencia familiar dej\u00f3 como saldo un hombre de 30 a\u00f1os con m\u00faltiples heridas de arma blanca en grave estado, internado en el Hospital Municipal.<\/strong> Si bien se encuentra \u201cestable\u201d pelea por su vida en el \u00e1rea de Terapia Intensiva.<\/p>\n<p>&nbsp;<\/p>\n<p>Seg\u00fan se logr\u00f3 saber, el hecho se produjo en una vivienda ubicada en Lamadrid y Mitre, en barrio Mariano Moreno.<\/p>\n<p>&nbsp;<\/p>\n<p>All\u00ed, <strong>una pelea entre dos familiares deriv\u00f3 en que uno de ellos termin\u00f3 con graves heridas de arma blanca y fue trasladado, de urgencia, al Hospital Municipal.<\/strong> El atacante, en tanto, huy\u00f3 del lugar.<\/p>\n<p>&nbsp;<\/p>\n<p>El herido, desde ese momento, se encuentra en grave estado internado en el \u00e1rea de Terapia Intensiva.<strong> Se encuentra actualmente \u201cestable\u201d seg\u00fan lo informado por el \u00e1rea de Salud este martes.<\/strong><\/p>\n<p>&nbsp;<\/p>\n<p><strong>El agresor fue encontrado a las pocas horas y aprehendido, para ser trasladado a la sede de la Comisar\u00eda Primera.<\/strong> Qued\u00f3 a disposici\u00f3n de la UFI N\u00b05 especializada en violencia familiar y de g\u00e9nero, a cargo de la doctora Viviana Beyt\u00eda.<\/p>\n","protected":false},"excerpt":{"rendered":"<p>El hecho se produjo el pasado domingo. El agresor, un familiar, se encuentra aprehendido.<\/p>\n","protected":false},"author":2,"featured_media":39507,"comment_status":"closed","ping_status":"closed","sticky":false,"template":"","format":"standard","meta":{"_jetpack_memberships_contains_paid_content":false,"footnotes":""},"categories":[14,1],"tags":[],"class_list":["post-44705","post","type-post","status-publish","format-standard","has-post-thumbnail","hentry","category-policiales","category-portada"],"jetpack_featured_media_url":"https:\/\/i0.wp.com\/cdnoticias.com\/wp-content\/uploads\/2021\/11\/hospital-guardia-5.jpg?fit=800%2C445&ssl=1","jetpack_sharing_enabled":true,"_links":{"self":[{"href":"https:\/\/cdnoticias.com\/index.php\/wp-json\/wp\/v2\/posts\/44705","targetHints":{"allow":["GET"]}}],"collection":[{"href":"https:\/\/cdnoticias.com\/index.php\/wp-json\/wp\/v2\/posts"}],"about":[{"href":"https:\/\/cdnoticias.com\/index.php\/wp-json\/wp\/v2\/types\/post"}],"author":[{"embeddable":true,"href":"https:\/\/cdnoticias.com\/index.php\/wp-json\/wp\/v2\/users\/2"}],"replies":[{"embeddable":true,"href":"https:\/\/cdnoticias.com\/index.php\/wp-json\/wp\/v2\/comments?post=44705"}],"version-history":[{"count":0,"href":"https:\/\/cdnoticias.com\/index.php\/wp-json\/wp\/v2\/posts\/44705\/revisions"}],"wp:featuredmedia":[{"embeddable":true,"href":"https:\/\/cdnoticias.com\/index.php\/wp-json\/wp\/v2\/media\/39507"}],"wp:attachment":[{"href":"https:\/\/cdnoticias.com\/index.php\/wp-json\/wp\/v2\/media?parent=44705"}],"wp:term":[{"taxonomy":"category","embeddable":true,"href":"https:\/\/cdnoticias.com\/index.php\/wp-json\/wp\/v2\/categories?post=44705"},{"taxonomy":"post_tag","embeddable":true,"href":"https:\/\/cdnoticias.com\/index.php\/wp-json\/wp\/v2\/tags?post=44705"}],"curies":[{"name":"wp","href":"https:\/\/api.w.org\/{rel}","templated":true}]}}