{"id":44698,"date":"2022-01-25T10:59:47","date_gmt":"2022-01-25T13:59:47","guid":{"rendered":"https:\/\/www.centraldenoticias.com.ar\/?p=44698"},"modified":"2022-01-25T10:59:47","modified_gmt":"2022-01-25T13:59:47","slug":"una-familia-de-bolivar-murio-en-un-violento-accidente-en-ruta-205","status":"publish","type":"post","link":"https:\/\/cdnoticias.com\/index.php\/2022\/01\/25\/una-familia-de-bolivar-murio-en-un-violento-accidente-en-ruta-205\/","title":{"rendered":"Una familia de Bol\u00edvar muri\u00f3 en un violento accidente en ruta 205"},"content":{"rendered":"<p>Fue en la zona de Las Tunas, partido de Roque P\u00e9rez. Murieron los tres ocupantes de una camioneta, una familia de la vecina ciudad. <!--more--><\/p>\n<hr \/>\n<p>En un <strong>violento accidente frontal entre un cami\u00f3n y una camioneta, muri\u00f3 una familia de Bol\u00edvar.<\/strong> El hecho se produjo en la Ruta Nacional 205, a la altura del destacamento policial Las Tunas, partido de Roque P\u00e9rez.<\/p>\n<p>&nbsp;<\/p>\n<p><strong>Un cami\u00f3n marca Renault que viajaba en sentido Roque P\u00e9rez \u2013 Saladillo impact\u00f3 de frente contra una Peugeot Partner<\/strong>, en la que viajaba una familia de nacionalidad boliviana que se encuentra radicada en Bol\u00edvar y que transitaba en sentido contrario.<\/p>\n<p>&nbsp;<\/p>\n<p>Las<strong> v\u00edctimas fatales fueron identificadas<\/strong> como Dami\u00e1n Darwin Mollo Quenaya, de 35 a\u00f1os, quien conduc\u00eda el utilitario y fue despedido del mismo, su esposa Lenny Blanco Cruz, de 22 a\u00f1os y la beb\u00e9 de 1 a\u00f1o, hija del matrimonio, que fue identificada como Aitana Mollo Cruz. El conductor del cami\u00f3n, Eduardo Carrazco, de 50 a\u00f1os fue trasladado con lesiones al Hospital Ram\u00f3n Carrilo de Roque P\u00e9rez.<\/p>\n<p>&nbsp;<\/p>\n<p>Las causas del accidente todav\u00eda se encuentran en investigaci\u00f3n, aunque<strong> se sospecha que un banco de neblina que hab\u00eda en el lugar pudo haber sido el causante del violento impacto.<\/strong> Intervinieron Bomberos Voluntarios y Polic\u00eda de Roque P\u00e9rez.<\/p>\n<p>&nbsp;<\/p>\n<p><em>Foto e informaci\u00f3n: La Ma\u00f1ana de Bol\u00edvar<\/em><\/p>\n","protected":false},"excerpt":{"rendered":"<p>Fue en la zona de Las Tunas, partido de Roque P\u00e9rez. Murieron los tres ocupantes de una camioneta, una familia<\/p>\n","protected":false},"author":2,"featured_media":44699,"comment_status":"closed","ping_status":"closed","sticky":false,"template":"","format":"standard","meta":{"_jetpack_memberships_contains_paid_content":false,"footnotes":""},"categories":[14,1],"tags":[],"class_list":["post-44698","post","type-post","status-publish","format-standard","has-post-thumbnail","hentry","category-policiales","category-portada"],"jetpack_featured_media_url":"https:\/\/i0.wp.com\/cdnoticias.com\/wp-content\/uploads\/2022\/01\/choque-205-696x405-1.jpg?fit=696%2C405&ssl=1","jetpack_sharing_enabled":true,"_links":{"self":[{"href":"https:\/\/cdnoticias.com\/index.php\/wp-json\/wp\/v2\/posts\/44698","targetHints":{"allow":["GET"]}}],"collection":[{"href":"https:\/\/cdnoticias.com\/index.php\/wp-json\/wp\/v2\/posts"}],"about":[{"href":"https:\/\/cdnoticias.com\/index.php\/wp-json\/wp\/v2\/types\/post"}],"author":[{"embeddable":true,"href":"https:\/\/cdnoticias.com\/index.php\/wp-json\/wp\/v2\/users\/2"}],"replies":[{"embeddable":true,"href":"https:\/\/cdnoticias.com\/index.php\/wp-json\/wp\/v2\/comments?post=44698"}],"version-history":[{"count":0,"href":"https:\/\/cdnoticias.com\/index.php\/wp-json\/wp\/v2\/posts\/44698\/revisions"}],"wp:featuredmedia":[{"embeddable":true,"href":"https:\/\/cdnoticias.com\/index.php\/wp-json\/wp\/v2\/media\/44699"}],"wp:attachment":[{"href":"https:\/\/cdnoticias.com\/index.php\/wp-json\/wp\/v2\/media?parent=44698"}],"wp:term":[{"taxonomy":"category","embeddable":true,"href":"https:\/\/cdnoticias.com\/index.php\/wp-json\/wp\/v2\/categories?post=44698"},{"taxonomy":"post_tag","embeddable":true,"href":"https:\/\/cdnoticias.com\/index.php\/wp-json\/wp\/v2\/tags?post=44698"}],"curies":[{"name":"wp","href":"https:\/\/api.w.org\/{rel}","templated":true}]}}