{"id":44691,"date":"2022-01-25T10:58:00","date_gmt":"2022-01-25T13:58:00","guid":{"rendered":"https:\/\/www.centraldenoticias.com.ar\/?p=44691"},"modified":"2022-01-25T11:51:17","modified_gmt":"2022-01-25T14:51:17","slug":"avanza-la-creacion-de-la-escuela-de-la-piedra-en-sierras-bayas","status":"publish","type":"post","link":"https:\/\/cdnoticias.com\/index.php\/2022\/01\/25\/avanza-la-creacion-de-la-escuela-de-la-piedra-en-sierras-bayas\/","title":{"rendered":"Avanza la creaci\u00f3n de la Escuela de la Piedra en Sierras Bayas"},"content":{"rendered":"<p>A principios de este mes se firm\u00f3 el convenio para su puesta en marcha en la Sociedad de Fomento de la localidad. Se acondicionar\u00e1 la sede.<!--more--><\/p>\n<hr \/>\n<p><a href=\"https:\/\/cdnoticias.com\/index.php\/2021\/07\/29\/se-creo-la-escuela-de-la-piedra-en-sierras-bayas\/\" target=\"_blank\" rel=\"noopener\">En julio del a\u00f1o pasado el Ministerio de Producci\u00f3n provincial cre\u00f3<\/a> la <strong>\u201cEscuela de la Piedra\u201d en Sierras Bayas<\/strong> con un objetivo central vinculado al rescate de saberes y t\u00e9cnicas de la talla artesanal, as\u00ed como, revalorizar la piedra como recurso identitario bonaerense y, a partir de ello, generar conocimientos y aptitudes para el desarrollo de nuevo emprendimientos micro &#8211; mineros.<\/p>\n<p>&nbsp;<\/p>\n<p>Se dispuso que para su funcionamiento se firmar\u00eda un <strong>convenio de colaboraci\u00f3n con la Sociedad de Fomento de Sierras Bayas<\/strong>. Ese acuerdo se alcanz\u00f3 a principios de este mes y se oficializ\u00f3 la semana pasada a trav\u00e9s del Bolet\u00edn Oficial bonaerense. La iniciativa se enmarc\u00f3 en el &#8220;programa de asistencia t\u00e9cnica y capacitaci\u00f3n en materia minera para la provincia de Buenos Aires&#8221;.<\/p>\n<p>&nbsp;<\/p>\n<p><img data-recalc-dims=\"1\" loading=\"lazy\" decoding=\"async\" class=\"size-full wp-image-44695 aligncenter\" src=\"https:\/\/i0.wp.com\/cdnoticias.com\/wp-content\/uploads\/2022\/01\/sociedad-de-fomento-sierras-bayas-02.jpg?resize=800%2C446&#038;ssl=1\" alt=\"\" width=\"800\" height=\"446\" srcset=\"https:\/\/i0.wp.com\/cdnoticias.com\/wp-content\/uploads\/2022\/01\/sociedad-de-fomento-sierras-bayas-02.jpg?w=800&amp;ssl=1 800w, https:\/\/i0.wp.com\/cdnoticias.com\/wp-content\/uploads\/2022\/01\/sociedad-de-fomento-sierras-bayas-02.jpg?resize=300%2C167&amp;ssl=1 300w, https:\/\/i0.wp.com\/cdnoticias.com\/wp-content\/uploads\/2022\/01\/sociedad-de-fomento-sierras-bayas-02.jpg?resize=768%2C428&amp;ssl=1 768w\" sizes=\"auto, (max-width: 800px) 100vw, 800px\" \/><\/p>\n<p>&nbsp;<\/p>\n<blockquote><p>Con vistas al funcionamiento de esta escuela, se prev\u00e9 el acondicionamiento de las instalaciones de la Sociedad de Fomento de Sierras Bayas \u201cPueblo Nuevo\u201d, en Uriburu 2279. Ello qued\u00f3 previsto en el convenio firmado entre el Ministerio de Producci\u00f3n bonaerense a trav\u00e9s de la Subsecretar\u00eda de Miner\u00eda y la entidad sierrabayense que tiene un plazo de dos a\u00f1os.<\/p><\/blockquote>\n<p>&nbsp;<\/p>\n<p>En dicha sede se dictar\u00e1n <strong>cursos, talleres y capacitaciones<\/strong>.\u00a0Para ello, la Subsecretar\u00eda de Miner\u00eda har\u00e1 el<strong> acondicionamiento de las instalaciones que consisten en arreglos de \u201cla instalaci\u00f3n el\u00e9ctrica, colocaci\u00f3n de cerramientos, instalaci\u00f3n de mesadas de trabajo, acondicionamiento del cercado perimetral y se\u00f1al\u00e9tica\u201d<\/strong>, entre otros.<\/p>\n<p>&nbsp;<\/p>\n<p>Cabe recordar que adem\u00e1s, se definieron como <strong>funciones para la Escuela<\/strong> \u201cfomentar acuerdos con productores mineros de la zona\u201d para el adecuado desarrollo de sus capacitaciones y \u201cpromover la formaci\u00f3n de nuevas generaciones de trabajadores y trabajadoras en el conocimiento y oficio de la actividad minera\u201d.<\/p>\n","protected":false},"excerpt":{"rendered":"<p>A principios de este mes se firm\u00f3 el convenio para su puesta en marcha en la Sociedad de Fomento de<\/p>\n","protected":false},"author":4,"featured_media":44696,"comment_status":"closed","ping_status":"closed","sticky":false,"template":"","format":"standard","meta":{"_jetpack_memberships_contains_paid_content":false,"footnotes":""},"categories":[5,1],"tags":[],"class_list":["post-44691","post","type-post","status-publish","format-standard","has-post-thumbnail","hentry","category-informacion-general","category-portada"],"jetpack_featured_media_url":"https:\/\/i0.wp.com\/cdnoticias.com\/wp-content\/uploads\/2022\/01\/sociedad-de-fomento-sierras-bayas-01.jpg?fit=800%2C445&ssl=1","jetpack_sharing_enabled":true,"_links":{"self":[{"href":"https:\/\/cdnoticias.com\/index.php\/wp-json\/wp\/v2\/posts\/44691","targetHints":{"allow":["GET"]}}],"collection":[{"href":"https:\/\/cdnoticias.com\/index.php\/wp-json\/wp\/v2\/posts"}],"about":[{"href":"https:\/\/cdnoticias.com\/index.php\/wp-json\/wp\/v2\/types\/post"}],"author":[{"embeddable":true,"href":"https:\/\/cdnoticias.com\/index.php\/wp-json\/wp\/v2\/users\/4"}],"replies":[{"embeddable":true,"href":"https:\/\/cdnoticias.com\/index.php\/wp-json\/wp\/v2\/comments?post=44691"}],"version-history":[{"count":0,"href":"https:\/\/cdnoticias.com\/index.php\/wp-json\/wp\/v2\/posts\/44691\/revisions"}],"wp:featuredmedia":[{"embeddable":true,"href":"https:\/\/cdnoticias.com\/index.php\/wp-json\/wp\/v2\/media\/44696"}],"wp:attachment":[{"href":"https:\/\/cdnoticias.com\/index.php\/wp-json\/wp\/v2\/media?parent=44691"}],"wp:term":[{"taxonomy":"category","embeddable":true,"href":"https:\/\/cdnoticias.com\/index.php\/wp-json\/wp\/v2\/categories?post=44691"},{"taxonomy":"post_tag","embeddable":true,"href":"https:\/\/cdnoticias.com\/index.php\/wp-json\/wp\/v2\/tags?post=44691"}],"curies":[{"name":"wp","href":"https:\/\/api.w.org\/{rel}","templated":true}]}}