{"id":4469,"date":"2020-10-20T19:30:35","date_gmt":"2020-10-20T22:30:35","guid":{"rendered":"http:\/\/www.centraldenoticias.com.ar\/?p=4469"},"modified":"2020-10-20T19:43:21","modified_gmt":"2020-10-20T22:43:21","slug":"mas-de-180-testeos-en-la-quinta-jornada-del-programa-rta","status":"publish","type":"post","link":"https:\/\/cdnoticias.com\/index.php\/2020\/10\/20\/mas-de-180-testeos-en-la-quinta-jornada-del-programa-rta\/","title":{"rendered":"M\u00e1s de 180 testeos en la quinta jornada del Programa RTA"},"content":{"rendered":"<p>Se realizaron en los Servicios Territoriales Municipales N\u00b0 2 y N\u00b0 4. <strong>\u00bfQui\u00e9nes deben concurrir a los centros de testeos?.<\/strong><\/p>\n<p><!--more--><\/p>\n<hr \/>\n<p>Este martes por la ma\u00f1ana, en las sedes de los Servicios Territoriales Municipales N\u00b02 y N\u00b04, se desarroll\u00f3 la quinta jornada del Programa RTA, impulsado desde la Secretar\u00eda de Salud del Municipio en pos de <strong>detectar, de manera temprana, aquellos casos sospechosos de Covid-19 a quienes se pueda aislar de manera precoz, como as\u00ed tambi\u00e9n a sus contactos estrechos.<\/strong><\/p>\n<p>&nbsp;<\/p>\n<p>Unas 180 personas fueron testeadas y <strong>los resultados se conocer\u00e1n en el reporte de la tarde de este martes, o bien el d\u00eda mi\u00e9rcoles.<\/strong><\/p>\n<p>&nbsp;<\/p>\n<p><img data-recalc-dims=\"1\" loading=\"lazy\" decoding=\"async\" class=\"alignnone size-full wp-image-4470\" src=\"https:\/\/i0.wp.com\/cdnoticias.com\/wp-content\/uploads\/2020\/10\/WhatsApp-Image-2020-10-20-at-13.35.19.jpeg?resize=800%2C800&#038;ssl=1\" alt=\"\" width=\"800\" height=\"800\" srcset=\"https:\/\/i0.wp.com\/cdnoticias.com\/wp-content\/uploads\/2020\/10\/WhatsApp-Image-2020-10-20-at-13.35.19.jpeg?w=1280&amp;ssl=1 1280w, https:\/\/i0.wp.com\/cdnoticias.com\/wp-content\/uploads\/2020\/10\/WhatsApp-Image-2020-10-20-at-13.35.19.jpeg?resize=150%2C150&amp;ssl=1 150w, https:\/\/i0.wp.com\/cdnoticias.com\/wp-content\/uploads\/2020\/10\/WhatsApp-Image-2020-10-20-at-13.35.19.jpeg?resize=300%2C300&amp;ssl=1 300w, https:\/\/i0.wp.com\/cdnoticias.com\/wp-content\/uploads\/2020\/10\/WhatsApp-Image-2020-10-20-at-13.35.19.jpeg?resize=768%2C768&amp;ssl=1 768w, https:\/\/i0.wp.com\/cdnoticias.com\/wp-content\/uploads\/2020\/10\/WhatsApp-Image-2020-10-20-at-13.35.19.jpeg?resize=1024%2C1024&amp;ssl=1 1024w\" sizes=\"auto, (max-width: 800px) 100vw, 800px\" \/><\/p>\n<p>&nbsp;<\/p>\n<p>Las autoridades sanitarias resaltaron que deben concurrir a los centros de testeos m\u00e1s pr\u00f3ximos a su domicilio <strong><em>\u201cquienes presenten s\u00edntomas como tos, falta de olfato, falta de gusto, m\u00e1s de 37.5\u00b0 de fiebre, dolor de garganta, falta de aire o m\u00e1s de 48 horas con diarrea\u201d, se les solicita que concurran a los centros de testeos m\u00e1s pr\u00f3ximos a su domicilio\u201d.<\/em><\/strong><\/p>\n<p>&nbsp;<\/p>\n<blockquote><p>Por otra parte, indicaron que \u201cen caso de que convivan o sean contacto estrecho de una persona que ya tenga resultado de Covid-19 positivo, se les informa que no deber\u00e1n concurrir a las sedes de testeos, ya que son considerados positivos por nexo y deben aislarse\u201d.<\/p><\/blockquote>\n<p>&nbsp;<\/p>\n<p><img data-recalc-dims=\"1\" loading=\"lazy\" decoding=\"async\" class=\"alignnone size-full wp-image-4472\" src=\"https:\/\/i0.wp.com\/cdnoticias.com\/wp-content\/uploads\/2020\/10\/Salud-Testeos-Intensivos-Dia-5-2.jpg?resize=800%2C533&#038;ssl=1\" alt=\"\" width=\"800\" height=\"533\" srcset=\"https:\/\/i0.wp.com\/cdnoticias.com\/wp-content\/uploads\/2020\/10\/Salud-Testeos-Intensivos-Dia-5-2.jpg?w=1968&amp;ssl=1 1968w, https:\/\/i0.wp.com\/cdnoticias.com\/wp-content\/uploads\/2020\/10\/Salud-Testeos-Intensivos-Dia-5-2.jpg?resize=300%2C200&amp;ssl=1 300w, https:\/\/i0.wp.com\/cdnoticias.com\/wp-content\/uploads\/2020\/10\/Salud-Testeos-Intensivos-Dia-5-2.jpg?resize=768%2C512&amp;ssl=1 768w, https:\/\/i0.wp.com\/cdnoticias.com\/wp-content\/uploads\/2020\/10\/Salud-Testeos-Intensivos-Dia-5-2.jpg?resize=1024%2C683&amp;ssl=1 1024w, https:\/\/i0.wp.com\/cdnoticias.com\/wp-content\/uploads\/2020\/10\/Salud-Testeos-Intensivos-Dia-5-2.jpg?resize=272%2C182&amp;ssl=1 272w, https:\/\/i0.wp.com\/cdnoticias.com\/wp-content\/uploads\/2020\/10\/Salud-Testeos-Intensivos-Dia-5-2.jpg?w=1600&amp;ssl=1 1600w\" sizes=\"auto, (max-width: 800px) 100vw, 800px\" \/><\/p>\n<p>&nbsp;<\/p>\n<p><strong>El sexto d\u00eda de testeos se realizar\u00e1 en:<\/strong><\/p>\n<p>&nbsp;<\/p>\n<ul>\n<li>RECALDE. Horario: 9:30 a 10:30 horas.<\/li>\n<\/ul>\n<p>&nbsp;<\/p>\n<ul>\n<li>TERRITORIAL 6. Horario: 10 a 11 horas.<\/li>\n<\/ul>\n<p>&nbsp;<\/p>\n<ul>\n<li>ESPIGAS. Horario: 11:30 a 12:30 horas<\/li>\n<\/ul>\n<p>&nbsp;<\/p>\n<ul>\n<li>CIC. Horario: 12 a 13 horas<\/li>\n<\/ul>\n","protected":false},"excerpt":{"rendered":"<p>Se realizaron en los Servicios Territoriales Municipales N\u00b0 2 y N\u00b0 4. \u00bfQui\u00e9nes deben concurrir a los centros de testeos?.<\/p>\n","protected":false},"author":2,"featured_media":4471,"comment_status":"closed","ping_status":"closed","sticky":false,"template":"","format":"standard","meta":{"_jetpack_memberships_contains_paid_content":false,"footnotes":""},"categories":[5,1],"tags":[],"class_list":["post-4469","post","type-post","status-publish","format-standard","has-post-thumbnail","hentry","category-informacion-general","category-portada"],"jetpack_featured_media_url":"https:\/\/i0.wp.com\/cdnoticias.com\/wp-content\/uploads\/2020\/10\/Salud-Testeos-Intensivos-Dia-5-1.jpg?fit=1968%2C1312&ssl=1","jetpack_sharing_enabled":true,"_links":{"self":[{"href":"https:\/\/cdnoticias.com\/index.php\/wp-json\/wp\/v2\/posts\/4469","targetHints":{"allow":["GET"]}}],"collection":[{"href":"https:\/\/cdnoticias.com\/index.php\/wp-json\/wp\/v2\/posts"}],"about":[{"href":"https:\/\/cdnoticias.com\/index.php\/wp-json\/wp\/v2\/types\/post"}],"author":[{"embeddable":true,"href":"https:\/\/cdnoticias.com\/index.php\/wp-json\/wp\/v2\/users\/2"}],"replies":[{"embeddable":true,"href":"https:\/\/cdnoticias.com\/index.php\/wp-json\/wp\/v2\/comments?post=4469"}],"version-history":[{"count":0,"href":"https:\/\/cdnoticias.com\/index.php\/wp-json\/wp\/v2\/posts\/4469\/revisions"}],"wp:featuredmedia":[{"embeddable":true,"href":"https:\/\/cdnoticias.com\/index.php\/wp-json\/wp\/v2\/media\/4471"}],"wp:attachment":[{"href":"https:\/\/cdnoticias.com\/index.php\/wp-json\/wp\/v2\/media?parent=4469"}],"wp:term":[{"taxonomy":"category","embeddable":true,"href":"https:\/\/cdnoticias.com\/index.php\/wp-json\/wp\/v2\/categories?post=4469"},{"taxonomy":"post_tag","embeddable":true,"href":"https:\/\/cdnoticias.com\/index.php\/wp-json\/wp\/v2\/tags?post=4469"}],"curies":[{"name":"wp","href":"https:\/\/api.w.org\/{rel}","templated":true}]}}