{"id":44675,"date":"2022-01-25T08:13:29","date_gmt":"2022-01-25T11:13:29","guid":{"rendered":"https:\/\/www.centraldenoticias.com.ar\/?p=44675"},"modified":"2022-01-25T08:17:49","modified_gmt":"2022-01-25T11:17:49","slug":"vilma-renee-moreno-viuda-de-gomez-q-e-p-d","status":"publish","type":"post","link":"https:\/\/cdnoticias.com\/index.php\/2022\/01\/25\/vilma-renee-moreno-viuda-de-gomez-q-e-p-d\/","title":{"rendered":"Vilma Renee Moreno viuda de Gomez (Q.E.P.D.)"},"content":{"rendered":"<p>Falleci\u00f3 en Olavarr\u00eda el d\u00eda 24 de enero de 2022 a los 84 a\u00f1os de edad.<\/p>\n<p>&nbsp;<\/p>\n<p>Su hijo Walter Fabi\u00e1n G\u00f3mez Moreno. Sus hermanos Carlos Daniel, Marta y Alicia. Sus nietos Juan Ignacio, Bautista y Valentino G\u00f3mez. Su hija pol\u00edtica Carolina Alderete. Su hijo pol\u00edtico Rub\u00e9n Orlando G\u00f3mez. Sus sobrinos Andrea Giudice; Bernardo y Mar\u00eda Azul Moreno Su cu\u00f1ada Miriam Nancy G\u00f3mez y dem\u00e1s deudos participan de su fallecimiento.<\/p>\n<p>&nbsp;<\/p>\n<p>Velatorio: Espa\u00f1a 2942 departamento D desde 7:30. Responso: Capilla ardiente. Inhumaci\u00f3n: Cementerio Loma de Paz, martes a las 11.30. Servicio adherido a Coopelectric.<\/p>\n<p>&nbsp;<\/p>\n<p>Barrio en el que viv\u00eda: Pueblo Nuevo<\/p>\n<p>Lugar de nacimiento: Benito Ju\u00e1rez<\/p>\n<p>Actividad que desarrollaba: Jubilada y Pensionada<\/p>\n","protected":false},"excerpt":{"rendered":"<p>Falleci\u00f3 en Olavarr\u00eda el d\u00eda 24 de enero de 2022 a los 84 a\u00f1os de edad. &nbsp; Su hijo Walter<\/p>\n","protected":false},"author":4,"featured_media":0,"comment_status":"closed","ping_status":"closed","sticky":false,"template":"","format":"standard","meta":{"_jetpack_memberships_contains_paid_content":false,"footnotes":""},"categories":[10],"tags":[],"class_list":["post-44675","post","type-post","status-publish","format-standard","hentry","category-necrologicas"],"jetpack_featured_media_url":"","jetpack_sharing_enabled":true,"_links":{"self":[{"href":"https:\/\/cdnoticias.com\/index.php\/wp-json\/wp\/v2\/posts\/44675","targetHints":{"allow":["GET"]}}],"collection":[{"href":"https:\/\/cdnoticias.com\/index.php\/wp-json\/wp\/v2\/posts"}],"about":[{"href":"https:\/\/cdnoticias.com\/index.php\/wp-json\/wp\/v2\/types\/post"}],"author":[{"embeddable":true,"href":"https:\/\/cdnoticias.com\/index.php\/wp-json\/wp\/v2\/users\/4"}],"replies":[{"embeddable":true,"href":"https:\/\/cdnoticias.com\/index.php\/wp-json\/wp\/v2\/comments?post=44675"}],"version-history":[{"count":0,"href":"https:\/\/cdnoticias.com\/index.php\/wp-json\/wp\/v2\/posts\/44675\/revisions"}],"wp:attachment":[{"href":"https:\/\/cdnoticias.com\/index.php\/wp-json\/wp\/v2\/media?parent=44675"}],"wp:term":[{"taxonomy":"category","embeddable":true,"href":"https:\/\/cdnoticias.com\/index.php\/wp-json\/wp\/v2\/categories?post=44675"},{"taxonomy":"post_tag","embeddable":true,"href":"https:\/\/cdnoticias.com\/index.php\/wp-json\/wp\/v2\/tags?post=44675"}],"curies":[{"name":"wp","href":"https:\/\/api.w.org\/{rel}","templated":true}]}}