{"id":44630,"date":"2022-01-24T15:55:50","date_gmt":"2022-01-24T18:55:50","guid":{"rendered":"https:\/\/www.centraldenoticias.com.ar\/?p=44630"},"modified":"2022-01-24T15:55:50","modified_gmt":"2022-01-24T18:55:50","slug":"nuevo-aumento-del-pan-a-partir-del-mes-que-viene","status":"publish","type":"post","link":"https:\/\/cdnoticias.com\/index.php\/2022\/01\/24\/nuevo-aumento-del-pan-a-partir-del-mes-que-viene\/","title":{"rendered":"Nuevo aumento del pan a partir del mes que viene"},"content":{"rendered":"<p>As\u00ed se confirm\u00f3 desde el Centro de Industriales Panaderos de Olavarr\u00eda. Ser\u00e1 alrededor de un 11%.<br \/>\n<!--more--><\/p>\n<hr \/>\n<p>&nbsp;<\/p>\n<p>Este lunes se confirm\u00f3 desde el<strong> Centro de Industriales Panaderos de Olavarr\u00eda<\/strong> (CIPO) que se realizar\u00e1 un <strong>nuevo aumento de pan a partir del mes de febrero.<\/strong><\/p>\n<p>&nbsp;<\/p>\n<p>El<strong> kilo de pan estar\u00e1 entre $200 y $220<\/strong> luego de su<strong> \u00faltimo aumento<\/strong> en el <a href=\"https:\/\/cdnoticias.com\/index.php\/2021\/11\/24\/desde-el-mes-que-viene-11-de-aumento-del-kilo-de-pan\/\" target=\"_blank\" rel=\"noopener\">mes de diciembre.\u00a0<\/a><\/p>\n","protected":false},"excerpt":{"rendered":"<p>As\u00ed se confirm\u00f3 desde el Centro de Industriales Panaderos de Olavarr\u00eda. Ser\u00e1 alrededor de un 11%.<\/p>\n","protected":false},"author":6,"featured_media":39597,"comment_status":"closed","ping_status":"closed","sticky":false,"template":"","format":"standard","meta":{"_jetpack_memberships_contains_paid_content":false,"footnotes":""},"categories":[5,1],"tags":[],"class_list":["post-44630","post","type-post","status-publish","format-standard","has-post-thumbnail","hentry","category-informacion-general","category-portada"],"jetpack_featured_media_url":"https:\/\/i0.wp.com\/cdnoticias.com\/wp-content\/uploads\/2021\/11\/pan-aumento-precio.jpg?fit=800%2C446&ssl=1","jetpack_sharing_enabled":true,"_links":{"self":[{"href":"https:\/\/cdnoticias.com\/index.php\/wp-json\/wp\/v2\/posts\/44630","targetHints":{"allow":["GET"]}}],"collection":[{"href":"https:\/\/cdnoticias.com\/index.php\/wp-json\/wp\/v2\/posts"}],"about":[{"href":"https:\/\/cdnoticias.com\/index.php\/wp-json\/wp\/v2\/types\/post"}],"author":[{"embeddable":true,"href":"https:\/\/cdnoticias.com\/index.php\/wp-json\/wp\/v2\/users\/6"}],"replies":[{"embeddable":true,"href":"https:\/\/cdnoticias.com\/index.php\/wp-json\/wp\/v2\/comments?post=44630"}],"version-history":[{"count":0,"href":"https:\/\/cdnoticias.com\/index.php\/wp-json\/wp\/v2\/posts\/44630\/revisions"}],"wp:featuredmedia":[{"embeddable":true,"href":"https:\/\/cdnoticias.com\/index.php\/wp-json\/wp\/v2\/media\/39597"}],"wp:attachment":[{"href":"https:\/\/cdnoticias.com\/index.php\/wp-json\/wp\/v2\/media?parent=44630"}],"wp:term":[{"taxonomy":"category","embeddable":true,"href":"https:\/\/cdnoticias.com\/index.php\/wp-json\/wp\/v2\/categories?post=44630"},{"taxonomy":"post_tag","embeddable":true,"href":"https:\/\/cdnoticias.com\/index.php\/wp-json\/wp\/v2\/tags?post=44630"}],"curies":[{"name":"wp","href":"https:\/\/api.w.org\/{rel}","templated":true}]}}