{"id":44626,"date":"2022-01-25T15:25:01","date_gmt":"2022-01-25T18:25:01","guid":{"rendered":"https:\/\/www.centraldenoticias.com.ar\/?p=44626"},"modified":"2022-01-25T15:25:01","modified_gmt":"2022-01-25T18:25:01","slug":"que-puede-pasar-con-el-programa-ahora-12-desde-febrero","status":"publish","type":"post","link":"https:\/\/cdnoticias.com\/index.php\/2022\/01\/25\/que-puede-pasar-con-el-programa-ahora-12-desde-febrero\/","title":{"rendered":"\u00bfQu\u00e9 puede pasar con el programa Ahora 12 desde febrero?"},"content":{"rendered":"<p>El Gobierno busca renovar con los bancos. Pero quiere mantener las condiciones actuales. Los privados piden una actualizaci\u00f3n del inter\u00e9s.<!--more--><\/p>\n<hr \/>\n<p>&nbsp;<\/p>\n<p>El Gobierno avanza con los bancos en las negociaciones para renovar el programa Ahora 12, que vence el 31 de enero, aunque<strong> existe una puja en torno a los intereses que se cobran.<\/strong> Mientras <strong>la Secretar\u00eda de Comercio pretende sostener las condiciones actuales, las entidades financieras solicitan una actualizaci\u00f3n en consonancia con la suba de tasas que viene implementando el Banco Central.<\/strong><\/p>\n<p>&nbsp;<\/p>\n<p>El plan oficial, que durante el a\u00f1o pasado completaron ventas por $839 mil millones, <strong>vence el 31 de enero<\/strong> y las conversaciones entre la Secretar\u00eda que conduce Roberto Feletti y el sector financiero ya est\u00e1n en marcha. Si bien los privados sostienen que hay voluntad de continuar con el programa, piden cambios y apuntan a las tasas.<\/p>\n<p>&nbsp;<\/p>\n<p>El recargo que rige hasta fin de mes es del 3,20% para las tres cuotas, del 6,39% para las seis, del 12,97% para las doce, del 19,97% para las dieciocho, del 30,33% para las veinticuatro y del 40,18% para las treinta. El Ejecutivo busca mantener ese inter\u00e9s, pero<strong> los privados piden una actualizaci\u00f3n ampar\u00e1ndose en la suba de dos puntos porcentuales de las tasas que realiz\u00f3 el BCRA a comienzos de a\u00f1o.<\/strong><\/p>\n<p>&nbsp;<\/p>\n<p><em>Fuente: DIB<\/em><\/p>\n","protected":false},"excerpt":{"rendered":"<p>El Gobierno busca renovar con los bancos. Pero quiere mantener las condiciones actuales. Los privados piden una actualizaci\u00f3n del inter\u00e9s.<\/p>\n","protected":false},"author":5,"featured_media":44627,"comment_status":"closed","ping_status":"closed","sticky":false,"template":"","format":"standard","meta":{"_jetpack_memberships_contains_paid_content":false,"footnotes":""},"categories":[6,1],"tags":[],"class_list":["post-44626","post","type-post","status-publish","format-standard","has-post-thumbnail","hentry","category-nacionales","category-portada"],"jetpack_featured_media_url":"https:\/\/i0.wp.com\/cdnoticias.com\/wp-content\/uploads\/2022\/01\/5e0b3ebd629b91577795261.jpg?fit=1625%2C1080&ssl=1","jetpack_sharing_enabled":true,"_links":{"self":[{"href":"https:\/\/cdnoticias.com\/index.php\/wp-json\/wp\/v2\/posts\/44626","targetHints":{"allow":["GET"]}}],"collection":[{"href":"https:\/\/cdnoticias.com\/index.php\/wp-json\/wp\/v2\/posts"}],"about":[{"href":"https:\/\/cdnoticias.com\/index.php\/wp-json\/wp\/v2\/types\/post"}],"author":[{"embeddable":true,"href":"https:\/\/cdnoticias.com\/index.php\/wp-json\/wp\/v2\/users\/5"}],"replies":[{"embeddable":true,"href":"https:\/\/cdnoticias.com\/index.php\/wp-json\/wp\/v2\/comments?post=44626"}],"version-history":[{"count":0,"href":"https:\/\/cdnoticias.com\/index.php\/wp-json\/wp\/v2\/posts\/44626\/revisions"}],"wp:featuredmedia":[{"embeddable":true,"href":"https:\/\/cdnoticias.com\/index.php\/wp-json\/wp\/v2\/media\/44627"}],"wp:attachment":[{"href":"https:\/\/cdnoticias.com\/index.php\/wp-json\/wp\/v2\/media?parent=44626"}],"wp:term":[{"taxonomy":"category","embeddable":true,"href":"https:\/\/cdnoticias.com\/index.php\/wp-json\/wp\/v2\/categories?post=44626"},{"taxonomy":"post_tag","embeddable":true,"href":"https:\/\/cdnoticias.com\/index.php\/wp-json\/wp\/v2\/tags?post=44626"}],"curies":[{"name":"wp","href":"https:\/\/api.w.org\/{rel}","templated":true}]}}