{"id":44620,"date":"2022-01-24T16:44:39","date_gmt":"2022-01-24T19:44:39","guid":{"rendered":"https:\/\/www.centraldenoticias.com.ar\/?p=44620"},"modified":"2022-01-24T16:44:39","modified_gmt":"2022-01-24T19:44:39","slug":"trabajos-de-refaccion-y-remodelacion-del-cementerio-de-sierras-bayas","status":"publish","type":"post","link":"https:\/\/cdnoticias.com\/index.php\/2022\/01\/24\/trabajos-de-refaccion-y-remodelacion-del-cementerio-de-sierras-bayas\/","title":{"rendered":"Trabajos de refacci\u00f3n y remodelaci\u00f3n del Cementerio de Sierras Bayas"},"content":{"rendered":"<p>Comenzaron este lunes por la ma\u00f1ana, con personal y maquinaria municipal. <!--more--><\/p>\n<hr \/>\n<p>Este lunes por la ma\u00f1ana<strong> se iniciaron los trabajos de refacci\u00f3n y remodelaci\u00f3n del Cementerio Municipal de Sierras Bayas<\/strong>, con personal y maquinaria de la Municipalidad.<\/p>\n<p>&nbsp;<\/p>\n<p>Cabe se\u00f1alar que las tareas comenzaron con las<strong> actividades de raleo, poda de altura y limpieza de libustros y contin\u00faan con el hidrolavado del frente y del sector de entrada, para despu\u00e9s llevar adelante la pintura del ingreso.<\/strong><\/p>\n<p>&nbsp;<\/p>\n<p>Estas obras de mejoramiento en el Cementerio de la localidad serrana, forman parte de gestiones conjuntas realizadas por la Secretar\u00eda de Mantenimiento y Obras P\u00fablicas y la Subsecretar\u00eda de Gobierno.<\/p>\n","protected":false},"excerpt":{"rendered":"<p>Comenzaron este lunes por la ma\u00f1ana, con personal y maquinaria municipal.<\/p>\n","protected":false},"author":2,"featured_media":44621,"comment_status":"closed","ping_status":"closed","sticky":false,"template":"","format":"standard","meta":{"_jetpack_memberships_contains_paid_content":false,"footnotes":""},"categories":[5,1],"tags":[],"class_list":["post-44620","post","type-post","status-publish","format-standard","has-post-thumbnail","hentry","category-informacion-general","category-portada"],"jetpack_featured_media_url":"https:\/\/i0.wp.com\/cdnoticias.com\/wp-content\/uploads\/2022\/01\/Obras-Cementerio-Sierras-Bayas-1024x768-1.jpeg?fit=1024%2C768&ssl=1","jetpack_sharing_enabled":true,"_links":{"self":[{"href":"https:\/\/cdnoticias.com\/index.php\/wp-json\/wp\/v2\/posts\/44620","targetHints":{"allow":["GET"]}}],"collection":[{"href":"https:\/\/cdnoticias.com\/index.php\/wp-json\/wp\/v2\/posts"}],"about":[{"href":"https:\/\/cdnoticias.com\/index.php\/wp-json\/wp\/v2\/types\/post"}],"author":[{"embeddable":true,"href":"https:\/\/cdnoticias.com\/index.php\/wp-json\/wp\/v2\/users\/2"}],"replies":[{"embeddable":true,"href":"https:\/\/cdnoticias.com\/index.php\/wp-json\/wp\/v2\/comments?post=44620"}],"version-history":[{"count":0,"href":"https:\/\/cdnoticias.com\/index.php\/wp-json\/wp\/v2\/posts\/44620\/revisions"}],"wp:featuredmedia":[{"embeddable":true,"href":"https:\/\/cdnoticias.com\/index.php\/wp-json\/wp\/v2\/media\/44621"}],"wp:attachment":[{"href":"https:\/\/cdnoticias.com\/index.php\/wp-json\/wp\/v2\/media?parent=44620"}],"wp:term":[{"taxonomy":"category","embeddable":true,"href":"https:\/\/cdnoticias.com\/index.php\/wp-json\/wp\/v2\/categories?post=44620"},{"taxonomy":"post_tag","embeddable":true,"href":"https:\/\/cdnoticias.com\/index.php\/wp-json\/wp\/v2\/tags?post=44620"}],"curies":[{"name":"wp","href":"https:\/\/api.w.org\/{rel}","templated":true}]}}