{"id":44602,"date":"2022-01-24T11:27:39","date_gmt":"2022-01-24T14:27:39","guid":{"rendered":"https:\/\/www.centraldenoticias.com.ar\/?p=44602"},"modified":"2022-01-24T12:33:10","modified_gmt":"2022-01-24T15:33:10","slug":"vecinos-autoconvocados-en-respaldo-al-senalado-por-la-venta-de-terrenos","status":"publish","type":"post","link":"https:\/\/cdnoticias.com\/index.php\/2022\/01\/24\/vecinos-autoconvocados-en-respaldo-al-senalado-por-la-venta-de-terrenos\/","title":{"rendered":"Vecinos Autoconvocados, en respaldo al se\u00f1alado por la venta de terrenos"},"content":{"rendered":"<p>La agrupaci\u00f3n se puso a disposici\u00f3n de la Justicia y rechaz\u00f3 pertenecer a Juntos. Aseguraron que el hombre est\u00e1 \u201cinvolucrado en negocios inmobiliarios con particulares, pero no en la venta de tierras municipales\u201d. Cuestionaron al Frente de Todos.<!--more--><\/p>\n<hr \/>\n<p>La <strong>agrupaci\u00f3n pol\u00edtica Vecinos Autoconvocados<\/strong>, <a href=\"https:\/\/cdnoticias.com\/index.php\/2021\/11\/04\/vecinos-autoconvocados-aseguran-que-estamos-preparando-precandidatos-para-el-2023\/\" target=\"_blank\" rel=\"noopener\">que hizo su aparici\u00f3n p\u00fablica en noviembre del a\u00f1o pasado<\/a>, se expres\u00f3 en las \u00faltimas horas <strong>en defensa de Claudio Peralta, se\u00f1alado como responsable en denuncias p\u00fablicas por venta de terrenos.<\/strong><\/p>\n<p>&nbsp;<\/p>\n<p><strong>\u201cDesde nuestra agrupaci\u00f3n queremos salir a respaldar a nuestro m\u00e1ximo referente\u201d<\/strong> sostuvo Vecinos Autoconvocados que defini\u00f3 lo sucedido en los \u00faltimos d\u00edas como \u201cuna persecuci\u00f3n medi\u00e1tica\u201d.<\/p>\n<p>&nbsp;<\/p>\n<blockquote><p>Aseguraron que Peralta est\u00e1 \u201cinvolucrado en negocios inmobiliarios con particulares, pero no en la venta de tierras municipales lo cual ser\u00eda ilegal\u201d.<\/p><\/blockquote>\n<p>&nbsp;<\/p>\n<p>A su vez,<strong> desmintieron que exista una \u201crelaci\u00f3n personal con funcionarios del estado municipal<\/strong>, m\u00e1s all\u00e1 de alguna colaboraci\u00f3n que hayamos recibido en nuestra agrupaci\u00f3n\u201d. Se hizo \u00e9nfasis en que se trataron de situaciones \u201cbarriales\u201d y \u201cno a nivel personal\u201d.<\/p>\n<p>&nbsp;<\/p>\n<p>\u201cNuestra agrupaci\u00f3n, con Claudio Ariel Peralta como cara visible, <strong>no responde al partido de Juntos ni a ning\u00fan otro partido pol\u00edtico de nuestra ciudad al momento<\/strong>\u201d subrayaron.<\/p>\n<p>&nbsp;<\/p>\n<p>Asimismo, cuestionaron como <strong>\u201cinoportuno\u201d el planteo que present\u00f3 el Frente de Todos<\/strong> sobre el tema el s\u00e1bado. <a href=\"https:\/\/cdnoticias.com\/index.php\/2022\/01\/22\/piden-la-creacion-de-una-comision-especial-para-analizar-la-venta-ilegal-de-terrenos\/\" target=\"_blank\" rel=\"noopener\">El interbloque de concejales pidi\u00f3 una sesi\u00f3n extraordinaria y la creaci\u00f3n de una comisi\u00f3n para investigar el tema<\/a>.<\/p>\n<p>&nbsp;<\/p>\n<blockquote><p>\u201cQuedamos a disposici\u00f3n de la justicia, tanto nuestra agrupaci\u00f3n en general como as\u00ed nuestro m\u00e1ximo referente\u201d destac\u00f3 Vecinos Autoconvocados en el cierre del comunicado.<\/p><\/blockquote>\n<p>&nbsp;<\/p>\n<blockquote><p><img data-recalc-dims=\"1\" loading=\"lazy\" decoding=\"async\" class=\"size-full wp-image-44604 aligncenter\" src=\"https:\/\/i0.wp.com\/cdnoticias.com\/wp-content\/uploads\/2022\/01\/vecinos-autoconvocados-claudio-peralta01.jpg?resize=450%2C504&#038;ssl=1\" alt=\"\" width=\"450\" height=\"504\" srcset=\"https:\/\/i0.wp.com\/cdnoticias.com\/wp-content\/uploads\/2022\/01\/vecinos-autoconvocados-claudio-peralta01.jpg?w=450&amp;ssl=1 450w, https:\/\/i0.wp.com\/cdnoticias.com\/wp-content\/uploads\/2022\/01\/vecinos-autoconvocados-claudio-peralta01.jpg?resize=268%2C300&amp;ssl=1 268w\" sizes=\"auto, (max-width: 450px) 100vw, 450px\" \/><\/p><\/blockquote>\n","protected":false},"excerpt":{"rendered":"<p>La agrupaci\u00f3n se puso a disposici\u00f3n de la Justicia y rechaz\u00f3 pertenecer a Juntos. Aseguraron que el hombre est\u00e1 \u201cinvolucrado<\/p>\n","protected":false},"author":4,"featured_media":44603,"comment_status":"closed","ping_status":"closed","sticky":false,"template":"","format":"standard","meta":{"_jetpack_memberships_contains_paid_content":false,"footnotes":""},"categories":[4,1],"tags":[],"class_list":["post-44602","post","type-post","status-publish","format-standard","has-post-thumbnail","hentry","category-politica","category-portada"],"jetpack_featured_media_url":"https:\/\/i0.wp.com\/cdnoticias.com\/wp-content\/uploads\/2022\/01\/vecinos-autoconvocados-claudio-peralta00.jpg?fit=800%2C445&ssl=1","jetpack_sharing_enabled":true,"_links":{"self":[{"href":"https:\/\/cdnoticias.com\/index.php\/wp-json\/wp\/v2\/posts\/44602","targetHints":{"allow":["GET"]}}],"collection":[{"href":"https:\/\/cdnoticias.com\/index.php\/wp-json\/wp\/v2\/posts"}],"about":[{"href":"https:\/\/cdnoticias.com\/index.php\/wp-json\/wp\/v2\/types\/post"}],"author":[{"embeddable":true,"href":"https:\/\/cdnoticias.com\/index.php\/wp-json\/wp\/v2\/users\/4"}],"replies":[{"embeddable":true,"href":"https:\/\/cdnoticias.com\/index.php\/wp-json\/wp\/v2\/comments?post=44602"}],"version-history":[{"count":0,"href":"https:\/\/cdnoticias.com\/index.php\/wp-json\/wp\/v2\/posts\/44602\/revisions"}],"wp:featuredmedia":[{"embeddable":true,"href":"https:\/\/cdnoticias.com\/index.php\/wp-json\/wp\/v2\/media\/44603"}],"wp:attachment":[{"href":"https:\/\/cdnoticias.com\/index.php\/wp-json\/wp\/v2\/media?parent=44602"}],"wp:term":[{"taxonomy":"category","embeddable":true,"href":"https:\/\/cdnoticias.com\/index.php\/wp-json\/wp\/v2\/categories?post=44602"},{"taxonomy":"post_tag","embeddable":true,"href":"https:\/\/cdnoticias.com\/index.php\/wp-json\/wp\/v2\/tags?post=44602"}],"curies":[{"name":"wp","href":"https:\/\/api.w.org\/{rel}","templated":true}]}}