{"id":44595,"date":"2022-01-24T11:13:33","date_gmt":"2022-01-24T14:13:33","guid":{"rendered":"https:\/\/www.centraldenoticias.com.ar\/?p=44595"},"modified":"2022-01-24T11:13:33","modified_gmt":"2022-01-24T14:13:33","slug":"hacer-olavarria-pidio-agregar-a-la-investigacion-la-separacion-de-funcionarios-del-area-de-catastro","status":"publish","type":"post","link":"https:\/\/cdnoticias.com\/index.php\/2022\/01\/24\/hacer-olavarria-pidio-agregar-a-la-investigacion-la-separacion-de-funcionarios-del-area-de-catastro\/","title":{"rendered":"Hacer Olavarr\u00eda pidi\u00f3 \u201cagregar a la investigaci\u00f3n la separaci\u00f3n de funcionarios del \u00e1rea de Catastro\u201d"},"content":{"rendered":"<hr \/>\n<p>Tras el pedido de investigaci\u00f3n de la venta ilegal de terrenos presuntamente municipales, se manifestaron \u201cen defensa de la transparencia y los caminos institucionales en la administraci\u00f3n p\u00fablica municipal\u201d. <!--more--><\/p>\n<hr \/>\n<p>Luego de darse a conocer p\u00fablicamente <strong>denuncias por presuntas ventas irregulares de terrenos<\/strong>, la agrupaci\u00f3n <strong>Hacer Olavarr\u00eda<\/strong>, con la firma de uno de sus referentes Einar Iguerategui, acompa\u00f1aron la iniciativa del Frente de Todos de crear una comisi\u00f3n especial en el HCD pero adem\u00e1s pidieron sumar a la investigaci\u00f3n <em>\u201clos motivos de la separaci\u00f3n de funcionarios del \u00e1rea de Catastro\u201d.<\/em><\/p>\n<p>&nbsp;<\/p>\n<p><strong><em>\u201cDesde la agrupaci\u00f3n pol\u00edtica Hacer Olavarr\u00eda nos manifestamos en defensa de la transparencia y los caminos institucionales en la administraci\u00f3n p\u00fablica municipal\u201d<\/em> <\/strong>indicaron, y agregaron en este sentido que <em>\u201cexisten denuncias realizadas por vecinos de nuestra ciudad que fueron enga\u00f1ados ante la compra de terrenos fiscales o sin due\u00f1os, en los cuales han edificado sus viviendas y no consiguen hacerse de la documentaci\u00f3n correspondiente\u201d.<\/em><\/p>\n<p>&nbsp;<\/p>\n<blockquote><p>Por eso, los denunciantes <em>\u201cse\u00f1alan a una persona que estar\u00eda vinculada a funcionarios del gobierno municipal\u201d.<\/em><\/p><\/blockquote>\n<p>&nbsp;<\/p>\n<p><strong><em>\u201cLlama poderosamente la atenci\u00f3n el silencio de las m\u00e1ximas autoridades de la actual gesti\u00f3n respecto de este preocupante tema\u201d<\/em> <\/strong>indicaron, m\u00e1s all\u00e1 del comunicado emitido en las \u00faltimas horas por la comuna.<\/p>\n<p>&nbsp;<\/p>\n<p>Finalmente, desde el espacio <em>\u201ccelebramos y acompa\u00f1amos la decisi\u00f3n del Interbloque del Frente de Todos de solicitar la creaci\u00f3n a la comisi\u00f3n investigadora sobre la venta ilegal de tierras\u201d<\/em> y pidieron <strong><em>\u201cconsideramos oportuno agregar a la investigaci\u00f3n la aclaraci\u00f3n sobre los motivos de la separaci\u00f3n de funcionarios\/a del \u00e1rea de catastro con amplia e incuestionable trayectoria llevada adelante por la actual gesti\u00f3n tiempo atr\u00e1s\u201d.<\/em><\/strong><\/p>\n","protected":false},"excerpt":{"rendered":"<p>Tras el pedido de investigaci\u00f3n de la venta ilegal de terrenos presuntamente municipales, se manifestaron \u201cen defensa de la transparencia<\/p>\n","protected":false},"author":2,"featured_media":35555,"comment_status":"closed","ping_status":"closed","sticky":false,"template":"","format":"standard","meta":{"_jetpack_memberships_contains_paid_content":false,"footnotes":""},"categories":[4,1],"tags":[],"class_list":["post-44595","post","type-post","status-publish","format-standard","has-post-thumbnail","hentry","category-politica","category-portada"],"jetpack_featured_media_url":"https:\/\/i0.wp.com\/cdnoticias.com\/wp-content\/uploads\/2021\/10\/WhatsApp-Image-2021-10-14-at-19.09.38.jpeg?fit=1280%2C853&ssl=1","jetpack_sharing_enabled":true,"_links":{"self":[{"href":"https:\/\/cdnoticias.com\/index.php\/wp-json\/wp\/v2\/posts\/44595","targetHints":{"allow":["GET"]}}],"collection":[{"href":"https:\/\/cdnoticias.com\/index.php\/wp-json\/wp\/v2\/posts"}],"about":[{"href":"https:\/\/cdnoticias.com\/index.php\/wp-json\/wp\/v2\/types\/post"}],"author":[{"embeddable":true,"href":"https:\/\/cdnoticias.com\/index.php\/wp-json\/wp\/v2\/users\/2"}],"replies":[{"embeddable":true,"href":"https:\/\/cdnoticias.com\/index.php\/wp-json\/wp\/v2\/comments?post=44595"}],"version-history":[{"count":0,"href":"https:\/\/cdnoticias.com\/index.php\/wp-json\/wp\/v2\/posts\/44595\/revisions"}],"wp:featuredmedia":[{"embeddable":true,"href":"https:\/\/cdnoticias.com\/index.php\/wp-json\/wp\/v2\/media\/35555"}],"wp:attachment":[{"href":"https:\/\/cdnoticias.com\/index.php\/wp-json\/wp\/v2\/media?parent=44595"}],"wp:term":[{"taxonomy":"category","embeddable":true,"href":"https:\/\/cdnoticias.com\/index.php\/wp-json\/wp\/v2\/categories?post=44595"},{"taxonomy":"post_tag","embeddable":true,"href":"https:\/\/cdnoticias.com\/index.php\/wp-json\/wp\/v2\/tags?post=44595"}],"curies":[{"name":"wp","href":"https:\/\/api.w.org\/{rel}","templated":true}]}}