{"id":44475,"date":"2022-01-22T09:24:19","date_gmt":"2022-01-22T12:24:19","guid":{"rendered":"https:\/\/www.centraldenoticias.com.ar\/?p=44475"},"modified":"2022-01-22T09:24:19","modified_gmt":"2022-01-22T12:24:19","slug":"a-la-fecha-existen-dos-ambulancias-a-disposicion-del-hospital-chillarense","status":"publish","type":"post","link":"https:\/\/cdnoticias.com\/index.php\/2022\/01\/22\/a-la-fecha-existen-dos-ambulancias-a-disposicion-del-hospital-chillarense\/","title":{"rendered":"&#8220;A la fecha existen dos ambulancias a disposici\u00f3n del Hospital chillarense&#8221;"},"content":{"rendered":"<p>As\u00ed lo expresaron desde la delegaci\u00f3n de Chillar ante el reclamo vecinal por falta de m\u00e9dicos y problemas en la infraestructura sanitaria.<!--more--><\/p>\n<hr \/>\n<p>Vecinos y vecinas de la localidad de Chillar llevan adelante un<a href=\"https:\/\/cdnoticias.com\/index.php\/2022\/01\/20\/se-agudiza-el-pedido-por-el-hospital-de-chillar-estamos-a-la-deriva\/\" target=\"_blank\" rel=\"noopener\"> reclamo por falta de m\u00e9dicos y distintas problem\u00e1ticas vinculadas a la infraestructura sanitaria<\/a> en el Hospital \u201cDoctor Horacio Ferro\u201d.<\/p>\n<p>&nbsp;<\/p>\n<p>Un nuevo cap\u00edtulo se sum\u00f3 en las \u00faltimas horas, con una respuesta emitida por el delegado Federico Verger. Por un lado, inform\u00f3 que <strong>\u201cya se encuentra en funcionamiento la ambulancia que, por un desperfecto mec\u00e1nico, vio interrumpido su labor de traslados\u201d.<\/strong><\/p>\n<p>&nbsp;<\/p>\n<blockquote><p>Adem\u00e1s, se aclar\u00f3 que \u201ca la fecha existen dos ambulancias a disposici\u00f3n del Hospital chillarense\u201d.<\/p><\/blockquote>\n<p>&nbsp;<\/p>\n<p>Por otro lado, se asegur\u00f3 que <strong>\u201cse encuentran garantizadas las guardias\u201d<\/strong>, como as\u00ed tambi\u00e9n \u201clos insumos necesarios para el normal funcionamiento del mismo\u201d.<\/p>\n<p>&nbsp;<\/p>\n<p>Asimismo se comunic\u00f3 que<strong> se llamar\u00e1 a licitaci\u00f3n p\u00fablica para la compra de un nuevo equipo de rayos.<\/strong> Mientras \u201cse ha realizado el tr\u00e1mite correspondiente para el alquiler de un equipo de rayos con tecnolog\u00eda digital\u201d.<\/p>\n<p>&nbsp;<\/p>\n<p>En cuanto al pedido de <strong>profesionales para las distintas especialidades<\/strong>, el delegado manifest\u00f3 que \u201cdesde la Secretar\u00eda de Salud convocaron a distintos profesionales, habi\u00e9ndose publicitado el mismo en diferentes ciudades y que, la escasez de m\u00e9dicos en algunas de las especialidades requeridas resulta ser una realidad que trasciende al partido de Azul, siendo el resultado de una <strong>crisis sanitaria provincial<\/strong>\u201d.<\/p>\n","protected":false},"excerpt":{"rendered":"<p>As\u00ed lo expresaron desde la delegaci\u00f3n de Chillar ante el reclamo vecinal por falta de m\u00e9dicos y problemas en la<\/p>\n","protected":false},"author":5,"featured_media":44476,"comment_status":"closed","ping_status":"closed","sticky":false,"template":"","format":"standard","meta":{"_jetpack_memberships_contains_paid_content":false,"footnotes":""},"categories":[5,1],"tags":[],"class_list":["post-44475","post","type-post","status-publish","format-standard","has-post-thumbnail","hentry","category-informacion-general","category-portada"],"jetpack_featured_media_url":"https:\/\/i0.wp.com\/cdnoticias.com\/wp-content\/uploads\/2022\/01\/hospitalchillar.jpeg?fit=948%2C533&ssl=1","jetpack_sharing_enabled":true,"_links":{"self":[{"href":"https:\/\/cdnoticias.com\/index.php\/wp-json\/wp\/v2\/posts\/44475","targetHints":{"allow":["GET"]}}],"collection":[{"href":"https:\/\/cdnoticias.com\/index.php\/wp-json\/wp\/v2\/posts"}],"about":[{"href":"https:\/\/cdnoticias.com\/index.php\/wp-json\/wp\/v2\/types\/post"}],"author":[{"embeddable":true,"href":"https:\/\/cdnoticias.com\/index.php\/wp-json\/wp\/v2\/users\/5"}],"replies":[{"embeddable":true,"href":"https:\/\/cdnoticias.com\/index.php\/wp-json\/wp\/v2\/comments?post=44475"}],"version-history":[{"count":0,"href":"https:\/\/cdnoticias.com\/index.php\/wp-json\/wp\/v2\/posts\/44475\/revisions"}],"wp:featuredmedia":[{"embeddable":true,"href":"https:\/\/cdnoticias.com\/index.php\/wp-json\/wp\/v2\/media\/44476"}],"wp:attachment":[{"href":"https:\/\/cdnoticias.com\/index.php\/wp-json\/wp\/v2\/media?parent=44475"}],"wp:term":[{"taxonomy":"category","embeddable":true,"href":"https:\/\/cdnoticias.com\/index.php\/wp-json\/wp\/v2\/categories?post=44475"},{"taxonomy":"post_tag","embeddable":true,"href":"https:\/\/cdnoticias.com\/index.php\/wp-json\/wp\/v2\/tags?post=44475"}],"curies":[{"name":"wp","href":"https:\/\/api.w.org\/{rel}","templated":true}]}}