{"id":44472,"date":"2022-01-21T20:02:04","date_gmt":"2022-01-21T23:02:04","guid":{"rendered":"https:\/\/www.centraldenoticias.com.ar\/?p=44472"},"modified":"2022-01-21T20:10:40","modified_gmt":"2022-01-21T23:10:40","slug":"mas-alertas-y-lluvias-como-estara-el-tiempo-durante-el-fin-de-semana","status":"publish","type":"post","link":"https:\/\/cdnoticias.com\/index.php\/2022\/01\/21\/mas-alertas-y-lluvias-como-estara-el-tiempo-durante-el-fin-de-semana\/","title":{"rendered":"M\u00e1s alertas y lluvias: c\u00f3mo estar\u00e1  el tiempo durante el fin de semana"},"content":{"rendered":"<p>La lluvia ha sido la protagonista en las \u00faltimas horas en materia clim\u00e1tica y parece que lo seguir\u00e1 siendo durante las pr\u00f3ximas horas.<!--more--><\/p>\n<hr \/>\n<p>Tras una intensa ola de calor que marc\u00f3 registros r\u00e9cord, Olavarr\u00eda se ha visto ahora azotada por intensas lluvias y tormentas. Lo concreto es que <strong>lleg\u00f3 el viernes y con \u00e9l la pregunta acerca de c\u00f3mo seguir\u00e1 el tiempo para saber c\u00f3mo encarar el tiempo. Spoiler, las lluvias seguir\u00edan.<\/strong><\/p>\n<p>&nbsp;<\/p>\n<p>Lo primero a dar cuenta es c\u00f3mo seguir\u00e1 el tiempo en lo que resta de la jornada. La actualizaci\u00f3n del Servicio Meteorol\u00f3gico da cuenta que p<strong>odr\u00edan darse tormentas aisladas<\/strong>. La temperatura estar\u00e1 en orden a los 21\u00b0.<\/p>\n<p>&nbsp;<\/p>\n<blockquote><p>Seg\u00fan datos de la Estaci\u00f3n Meteorol\u00f3gica local, las lluvias durante este viernes fueron de 18.2 mm.<\/p><\/blockquote>\n<p>&nbsp;<\/p>\n<p><strong>La probabilidad de precipitaciones se incrementa con el inicio de la madrugada del s\u00e1bado<\/strong>, momento para el cual se anticipan tormentas aisladas que incrementar\u00e1n su intensidad con el correr de las horas, con <strong>principal \u00e9nfasis durante la ma\u00f1ana, momento del d\u00eda en el que Olavarr\u00eda y la regi\u00f3n se ven alcanzados por un nuevo alerta &#8220;amarillo&#8221; por tormentas.\u00a0<\/strong><\/p>\n<p>&nbsp;<\/p>\n<blockquote class=\"twitter-tweet\" data-width=\"550\" data-dnt=\"true\">\n<p lang=\"es\" dir=\"ltr\">\u26a0 SAT | ALERTAS <a href=\"https:\/\/twitter.com\/hashtag\/SiHayAlertaEstateAlerta?src=hash&amp;ref_src=twsrc%5Etfw\">#SiHayAlertaEstateAlerta<\/a><br \/>Informaci\u00f3n actualizada el 21 de enero de 2022 a las 18:21 h<br \/>\ud83d\udc49M\u00e1s detalles en <a href=\"https:\/\/t.co\/AgvDHAWzAt\">https:\/\/t.co\/AgvDHAWzAt<\/a> <a href=\"https:\/\/t.co\/QdYUceNkjE\">pic.twitter.com\/QdYUceNkjE<\/a><\/p>\n<p>&mdash; SMN Alertas (@SMN_Alertas) <a href=\"https:\/\/twitter.com\/SMN_Alertas\/status\/1484641826107797518?ref_src=twsrc%5Etfw\">January 21, 2022<\/a><\/p><\/blockquote>\n<p><script async src=\"https:\/\/platform.twitter.com\/widgets.js\" charset=\"utf-8\"><\/script><\/p>\n<p>&nbsp;<\/p>\n<p class=\"cuerpo_anuncio\">&#8220;El \u00e1rea ser\u00e1 afectada por <strong>lluvias y tormentas de variada intensidad, algunas localmente fuertes, acompa\u00f1adas de intensas r\u00e1fagas, ocasional ca\u00edda de granizo, fuerte actividad el\u00e9ctrica y fundamentalmente abundante ca\u00edda de agua en cortos per\u00edodos<\/strong>. Los valores de precipitaci\u00f3n acumulada se estiman entre 30 y 60 mm, pudiendo ser superados de manera localizada&#8221;, fue lo que se precis\u00f3 al respecto.<\/p>\n<p>&nbsp;<\/p>\n<p><img data-recalc-dims=\"1\" loading=\"lazy\" decoding=\"async\" class=\"alignnone size-full wp-image-44480\" src=\"https:\/\/i0.wp.com\/cdnoticias.com\/wp-content\/uploads\/2022\/01\/smn.jpg?resize=791%2C342&#038;ssl=1\" alt=\"\" width=\"791\" height=\"342\" srcset=\"https:\/\/i0.wp.com\/cdnoticias.com\/wp-content\/uploads\/2022\/01\/smn.jpg?w=791&amp;ssl=1 791w, https:\/\/i0.wp.com\/cdnoticias.com\/wp-content\/uploads\/2022\/01\/smn.jpg?resize=300%2C130&amp;ssl=1 300w, https:\/\/i0.wp.com\/cdnoticias.com\/wp-content\/uploads\/2022\/01\/smn.jpg?resize=768%2C332&amp;ssl=1 768w\" sizes=\"auto, (max-width: 791px) 100vw, 791px\" \/><\/p>\n<p>&nbsp;<\/p>\n<p><strong>Durante la tarde y la noche seguir\u00edan las lluvias, pero ya con menor probabilidad y fuerza<\/strong>. La temperatura m\u00e1xima fue estimada en 25\u00b0 durante la tarde, mientras que en la noche bajar\u00e1 a 19\u00b0.<\/p>\n<p>&nbsp;<\/p>\n<p>Para el domingo, por \u00faltimo, lo positivo estar\u00e1 dado en que <strong>no se anticipan precipitaciones durante toda la jornada<\/strong>. La m\u00e1xima fue prevista en 27\u00b0.<\/p>\n","protected":false},"excerpt":{"rendered":"<p>La lluvia ha sido la protagonista en las \u00faltimas horas en materia clim\u00e1tica y parece que lo seguir\u00e1 siendo durante<\/p>\n","protected":false},"author":3,"featured_media":44479,"comment_status":"closed","ping_status":"closed","sticky":false,"template":"","format":"standard","meta":{"_jetpack_memberships_contains_paid_content":false,"footnotes":""},"categories":[5,1],"tags":[],"class_list":["post-44472","post","type-post","status-publish","format-standard","has-post-thumbnail","hentry","category-informacion-general","category-portada"],"jetpack_featured_media_url":"https:\/\/i0.wp.com\/cdnoticias.com\/wp-content\/uploads\/2022\/01\/Sin-titulo-3-1.jpg?fit=800%2C445&ssl=1","jetpack_sharing_enabled":true,"_links":{"self":[{"href":"https:\/\/cdnoticias.com\/index.php\/wp-json\/wp\/v2\/posts\/44472","targetHints":{"allow":["GET"]}}],"collection":[{"href":"https:\/\/cdnoticias.com\/index.php\/wp-json\/wp\/v2\/posts"}],"about":[{"href":"https:\/\/cdnoticias.com\/index.php\/wp-json\/wp\/v2\/types\/post"}],"author":[{"embeddable":true,"href":"https:\/\/cdnoticias.com\/index.php\/wp-json\/wp\/v2\/users\/3"}],"replies":[{"embeddable":true,"href":"https:\/\/cdnoticias.com\/index.php\/wp-json\/wp\/v2\/comments?post=44472"}],"version-history":[{"count":0,"href":"https:\/\/cdnoticias.com\/index.php\/wp-json\/wp\/v2\/posts\/44472\/revisions"}],"wp:featuredmedia":[{"embeddable":true,"href":"https:\/\/cdnoticias.com\/index.php\/wp-json\/wp\/v2\/media\/44479"}],"wp:attachment":[{"href":"https:\/\/cdnoticias.com\/index.php\/wp-json\/wp\/v2\/media?parent=44472"}],"wp:term":[{"taxonomy":"category","embeddable":true,"href":"https:\/\/cdnoticias.com\/index.php\/wp-json\/wp\/v2\/categories?post=44472"},{"taxonomy":"post_tag","embeddable":true,"href":"https:\/\/cdnoticias.com\/index.php\/wp-json\/wp\/v2\/tags?post=44472"}],"curies":[{"name":"wp","href":"https:\/\/api.w.org\/{rel}","templated":true}]}}