{"id":44461,"date":"2022-01-21T18:13:22","date_gmt":"2022-01-21T21:13:22","guid":{"rendered":"https:\/\/www.centraldenoticias.com.ar\/?p=44461"},"modified":"2022-01-21T18:20:17","modified_gmt":"2022-01-21T21:20:17","slug":"lograron-recaudar-el-dinero-para-traer-los-restos-del-motero-fallecido-en-tierra-del-fuego","status":"publish","type":"post","link":"https:\/\/cdnoticias.com\/index.php\/2022\/01\/21\/lograron-recaudar-el-dinero-para-traer-los-restos-del-motero-fallecido-en-tierra-del-fuego\/","title":{"rendered":"Lograron recaudar el dinero para traer los restos del motero fallecido en Tierra del Fuego"},"content":{"rendered":"<p>\u201cGracias a todos\u201d, se\u00f1al\u00f3 una amiga de la familia en di\u00e1logo con Central de Noticias. Destac\u00f3 la solidaridad de los olavarrienses para poder dar el \u00faltimo adi\u00f3s a Maximiliano Sarachu. <!--more--><\/p>\n<hr \/>\n<p>En las \u00faltimas horas se conoci\u00f3 el lanzamiento de una<a href=\"https:\/\/cdnoticias.com\/index.php\/2022\/01\/21\/colecta-para-trasladar-los-restos-del-motero-olavarriense-que-fallecio-en-el-sur-del-pais\/\" target=\"_blank\" rel=\"noopener\"> colecta solidaria<\/a> con el objetivo de reunir una importante suma de dinero en efectivo para lograr que el cuerpo de Maximiliano Sarachu sea trasladado hasta Olavarr\u00eda para su \u00faltima despedida.<\/p>\n<p>&nbsp;<\/p>\n<p><a href=\"https:\/\/cdnoticias.com\/index.php\/2022\/01\/19\/un-motociclista-olavarriense-murio-en-un-siniestro-vial-en-rio-grande\/\" target=\"_blank\" rel=\"noopener\">El olavarriense de 37 a\u00f1os perdi\u00f3 la vida en un accidente vial en la ruta cerca de R\u00edo Grande<\/a>, en la provincia de Tierra del Fuego.<\/p>\n<p>&nbsp;<\/p>\n<p><strong><em>\u201cEntre todos los conocidos, fuimos sumando para llegar a ese monto para poder traerlo\u201d<\/em><\/strong>, indic\u00f3 una amiga de la familia a Central de Noticias.<\/p>\n<p>&nbsp;<\/p>\n<p>A la vez, agradeci\u00f3 los gestos solidarios de conocidos, amigos y familiares que respondieron a la campa\u00f1a solidaria para reunir los fondos necesarios y poder despedir a su ser querido.<\/p>\n","protected":false},"excerpt":{"rendered":"<p>\u201cGracias a todos\u201d, se\u00f1al\u00f3 una amiga de la familia en di\u00e1logo con Central de Noticias. Destac\u00f3 la solidaridad de los<\/p>\n","protected":false},"author":5,"featured_media":44464,"comment_status":"closed","ping_status":"closed","sticky":false,"template":"","format":"standard","meta":{"_jetpack_memberships_contains_paid_content":false,"footnotes":""},"categories":[5,1],"tags":[],"class_list":["post-44461","post","type-post","status-publish","format-standard","has-post-thumbnail","hentry","category-informacion-general","category-portada"],"jetpack_featured_media_url":"https:\/\/i0.wp.com\/cdnoticias.com\/wp-content\/uploads\/2022\/01\/maxi.jpg?fit=800%2C445&ssl=1","jetpack_sharing_enabled":true,"_links":{"self":[{"href":"https:\/\/cdnoticias.com\/index.php\/wp-json\/wp\/v2\/posts\/44461","targetHints":{"allow":["GET"]}}],"collection":[{"href":"https:\/\/cdnoticias.com\/index.php\/wp-json\/wp\/v2\/posts"}],"about":[{"href":"https:\/\/cdnoticias.com\/index.php\/wp-json\/wp\/v2\/types\/post"}],"author":[{"embeddable":true,"href":"https:\/\/cdnoticias.com\/index.php\/wp-json\/wp\/v2\/users\/5"}],"replies":[{"embeddable":true,"href":"https:\/\/cdnoticias.com\/index.php\/wp-json\/wp\/v2\/comments?post=44461"}],"version-history":[{"count":0,"href":"https:\/\/cdnoticias.com\/index.php\/wp-json\/wp\/v2\/posts\/44461\/revisions"}],"wp:featuredmedia":[{"embeddable":true,"href":"https:\/\/cdnoticias.com\/index.php\/wp-json\/wp\/v2\/media\/44464"}],"wp:attachment":[{"href":"https:\/\/cdnoticias.com\/index.php\/wp-json\/wp\/v2\/media?parent=44461"}],"wp:term":[{"taxonomy":"category","embeddable":true,"href":"https:\/\/cdnoticias.com\/index.php\/wp-json\/wp\/v2\/categories?post=44461"},{"taxonomy":"post_tag","embeddable":true,"href":"https:\/\/cdnoticias.com\/index.php\/wp-json\/wp\/v2\/tags?post=44461"}],"curies":[{"name":"wp","href":"https:\/\/api.w.org\/{rel}","templated":true}]}}