{"id":44450,"date":"2022-01-21T16:25:49","date_gmt":"2022-01-21T19:25:49","guid":{"rendered":"https:\/\/www.centraldenoticias.com.ar\/?p=44450"},"modified":"2022-01-21T18:13:42","modified_gmt":"2022-01-21T21:13:42","slug":"colecta-para-trasladar-los-restos-del-motero-olavarriense-que-fallecio-en-el-sur-del-pais","status":"publish","type":"post","link":"https:\/\/cdnoticias.com\/index.php\/2022\/01\/21\/colecta-para-trasladar-los-restos-del-motero-olavarriense-que-fallecio-en-el-sur-del-pais\/","title":{"rendered":"Colecta para trasladar los restos del motero olavarriense que falleci\u00f3 en el sur del pa\u00eds"},"content":{"rendered":"<p>Se trata de Maximiliano Sarachu, quien perdi\u00f3 la vida luego de protagonizar un siniestro vial en R\u00edo Grande, en la provincia de Tierra del Fuego.<!--more--><\/p>\n<hr \/>\n<p>D\u00edas atr\u00e1s se conoci\u00f3 la triste noticia que <a href=\"https:\/\/cdnoticias.com\/index.php\/2022\/01\/19\/un-motociclista-olavarriense-murio-en-un-siniestro-vial-en-rio-grande\/\" target=\"_blank\" rel=\"noopener\">un olavarriense perdi\u00f3 la vida como saldo de las graves heridas sufridas en un accidente vial<\/a> que tuvo como escenario la ciudad de <strong>R\u00edo Grande, en la provincia de Tierra del Fuego, en el sur del pa\u00eds.<\/strong><\/p>\n<p>&nbsp;<\/p>\n<p>La v\u00edctima fue identificada como <strong>Maximiliano Sarachu, de 37 a\u00f1os<\/strong>, quien circulaba a bordo de una Royal Interceptor 650cc y seg\u00fan las cr\u00f3nicas de medios period\u00edsticos de aquel punto del pa\u00eds habr\u00eda rozado el guardarrail, perdiendo el control del rodado y siendo arrastrado sobre el asfalto.<\/p>\n<p>&nbsp;<\/p>\n<p>En las \u00faltimas horas se conoci\u00f3 que la pesadilla para familiares y personas de su v\u00ednculo m\u00e1s cercano a\u00fan persiste, ya que <strong>deber\u00e1n reunir una importante suma de dinero en efectivo para lograr que el cuerpo de Maximiliano sea trasladado hasta Olavarr\u00eda para su \u00faltima despedida<\/strong>.<\/p>\n<p>&nbsp;<\/p>\n<p>Fue por ello que amigos, moteros y vecinos iniciaron una campa\u00f1a solidaria para reunir fondos. Se abri\u00f3 una cuenta en el Banco Provincia y los interesados en colaborar podr\u00e1n hacerlo al <em><strong>CBU 0140337203637951258126<\/strong><\/em>.<\/p>\n","protected":false},"excerpt":{"rendered":"<p>Se trata de Maximiliano Sarachu, quien perdi\u00f3 la vida luego de protagonizar un siniestro vial en R\u00edo Grande, en la<\/p>\n","protected":false},"author":3,"featured_media":44451,"comment_status":"closed","ping_status":"closed","sticky":false,"template":"","format":"standard","meta":{"_jetpack_memberships_contains_paid_content":false,"footnotes":""},"categories":[5],"tags":[],"class_list":["post-44450","post","type-post","status-publish","format-standard","has-post-thumbnail","hentry","category-informacion-general"],"jetpack_featured_media_url":"https:\/\/i0.wp.com\/cdnoticias.com\/wp-content\/uploads\/2022\/01\/sarachu.jpg?fit=800%2C445&ssl=1","jetpack_sharing_enabled":true,"_links":{"self":[{"href":"https:\/\/cdnoticias.com\/index.php\/wp-json\/wp\/v2\/posts\/44450","targetHints":{"allow":["GET"]}}],"collection":[{"href":"https:\/\/cdnoticias.com\/index.php\/wp-json\/wp\/v2\/posts"}],"about":[{"href":"https:\/\/cdnoticias.com\/index.php\/wp-json\/wp\/v2\/types\/post"}],"author":[{"embeddable":true,"href":"https:\/\/cdnoticias.com\/index.php\/wp-json\/wp\/v2\/users\/3"}],"replies":[{"embeddable":true,"href":"https:\/\/cdnoticias.com\/index.php\/wp-json\/wp\/v2\/comments?post=44450"}],"version-history":[{"count":0,"href":"https:\/\/cdnoticias.com\/index.php\/wp-json\/wp\/v2\/posts\/44450\/revisions"}],"wp:featuredmedia":[{"embeddable":true,"href":"https:\/\/cdnoticias.com\/index.php\/wp-json\/wp\/v2\/media\/44451"}],"wp:attachment":[{"href":"https:\/\/cdnoticias.com\/index.php\/wp-json\/wp\/v2\/media?parent=44450"}],"wp:term":[{"taxonomy":"category","embeddable":true,"href":"https:\/\/cdnoticias.com\/index.php\/wp-json\/wp\/v2\/categories?post=44450"},{"taxonomy":"post_tag","embeddable":true,"href":"https:\/\/cdnoticias.com\/index.php\/wp-json\/wp\/v2\/tags?post=44450"}],"curies":[{"name":"wp","href":"https:\/\/api.w.org\/{rel}","templated":true}]}}