{"id":44441,"date":"2022-01-21T12:46:30","date_gmt":"2022-01-21T15:46:30","guid":{"rendered":"https:\/\/www.centraldenoticias.com.ar\/?p=44441"},"modified":"2022-01-21T12:46:30","modified_gmt":"2022-01-21T15:46:30","slug":"el-mte-organiza-una-importante-colecta-de-utiles-escolares","status":"publish","type":"post","link":"https:\/\/cdnoticias.com\/index.php\/2022\/01\/21\/el-mte-organiza-una-importante-colecta-de-utiles-escolares\/","title":{"rendered":"El MTE organiza una importante colecta de \u00fatiles escolares"},"content":{"rendered":"<p>Aquellos interesados podr\u00e1n llevarlos en distintos horarios en alguna de sus seis sedes de las distintas ramas que conforman el espacio.<!--more--><\/p>\n<hr \/>\n<p>Desde el Movimiento de Trabajadores Excluidos (MTE) organizaron una colecta de \u00fatiles escolares dado que <strong><em>\u201cestamos cerca del inicio de clases\u201d.<\/em><\/strong><\/p>\n<p>&nbsp;<\/p>\n<p>La intenci\u00f3n es<strong> colaborar con la mayor cantidad de ni\u00f1os y ni\u00f1as del sistema educativo local que no puedan acceder a tener los elementos indispensables para volver a las aulas<\/strong> desde el mes de febrero en muchos casos.<\/p>\n<p>&nbsp;<\/p>\n<p>Aquellos que quieran y puedan colaborar, podr\u00e1n hacerlo en las distintas sedes que el MTE tiene en la ciudad:<\/p>\n<p>&nbsp;<\/p>\n<p>&#8211;<strong>Cooperativa Viento en Contra<\/strong> \u2013 Bol\u00edvar 927 de lunes a viernes de 8 a 18 horas.<\/p>\n<p>&nbsp;<\/p>\n<p>&#8211;<strong>Vientos de Libertad<\/strong> \u2013 Mu\u00f1oz 2831 los lunes, martes y jueves de 10 a 13 horas.<\/p>\n<p>&nbsp;<\/p>\n<p>&#8211;<strong>Polo productivo de Liberadxs<\/strong> \u2013 Mitre 3811 de lunes a viernes de 8 a 14 horas.<\/p>\n<p>&nbsp;<\/p>\n<p>&#8211;<strong>Centro Barrial \u201cDiego Armando Maradona\u201d<\/strong> en Calle 18 3550 de lunes a viernes de 9 a 13 horas.<\/p>\n<p>&nbsp;<\/p>\n<p>&#8211;<strong>Feria de la econom\u00eda popular<\/strong> \u2013 Jun\u00edn y San Mart\u00edn \u2013 s\u00e1bado y domingo de 18:30 a 20:30 horas.<\/p>\n<p>&nbsp;<\/p>\n<p>Mercado de cooperativas \u2013 Espa\u00f1a y Rend\u00f3n.<\/p>\n","protected":false},"excerpt":{"rendered":"<p>Aquellos interesados podr\u00e1n llevarlos en distintos horarios en alguna de sus seis sedes de las distintas ramas que conforman el<\/p>\n","protected":false},"author":2,"featured_media":44442,"comment_status":"closed","ping_status":"closed","sticky":false,"template":"","format":"standard","meta":{"_jetpack_memberships_contains_paid_content":false,"footnotes":""},"categories":[5,1],"tags":[],"class_list":["post-44441","post","type-post","status-publish","format-standard","has-post-thumbnail","hentry","category-informacion-general","category-portada"],"jetpack_featured_media_url":"https:\/\/i0.wp.com\/cdnoticias.com\/wp-content\/uploads\/2022\/01\/272131477_2023128067846623_8515935067801544848_n.jpg?fit=850%2C850&ssl=1","jetpack_sharing_enabled":true,"_links":{"self":[{"href":"https:\/\/cdnoticias.com\/index.php\/wp-json\/wp\/v2\/posts\/44441","targetHints":{"allow":["GET"]}}],"collection":[{"href":"https:\/\/cdnoticias.com\/index.php\/wp-json\/wp\/v2\/posts"}],"about":[{"href":"https:\/\/cdnoticias.com\/index.php\/wp-json\/wp\/v2\/types\/post"}],"author":[{"embeddable":true,"href":"https:\/\/cdnoticias.com\/index.php\/wp-json\/wp\/v2\/users\/2"}],"replies":[{"embeddable":true,"href":"https:\/\/cdnoticias.com\/index.php\/wp-json\/wp\/v2\/comments?post=44441"}],"version-history":[{"count":0,"href":"https:\/\/cdnoticias.com\/index.php\/wp-json\/wp\/v2\/posts\/44441\/revisions"}],"wp:featuredmedia":[{"embeddable":true,"href":"https:\/\/cdnoticias.com\/index.php\/wp-json\/wp\/v2\/media\/44442"}],"wp:attachment":[{"href":"https:\/\/cdnoticias.com\/index.php\/wp-json\/wp\/v2\/media?parent=44441"}],"wp:term":[{"taxonomy":"category","embeddable":true,"href":"https:\/\/cdnoticias.com\/index.php\/wp-json\/wp\/v2\/categories?post=44441"},{"taxonomy":"post_tag","embeddable":true,"href":"https:\/\/cdnoticias.com\/index.php\/wp-json\/wp\/v2\/tags?post=44441"}],"curies":[{"name":"wp","href":"https:\/\/api.w.org\/{rel}","templated":true}]}}