{"id":44437,"date":"2022-01-21T15:06:52","date_gmt":"2022-01-21T18:06:52","guid":{"rendered":"https:\/\/www.centraldenoticias.com.ar\/?p=44437"},"modified":"2022-05-10T12:15:57","modified_gmt":"2022-05-10T15:15:57","slug":"se-confirmo-olavarria-perdio-casi-4-en-el-coeficiente-de-coparticipacion","status":"publish","type":"post","link":"https:\/\/cdnoticias.com\/index.php\/2022\/01\/21\/se-confirmo-olavarria-perdio-casi-4-en-el-coeficiente-de-coparticipacion\/","title":{"rendered":"Se confirm\u00f3: Olavarr\u00eda perdi\u00f3 casi 4% en el coeficiente de coparticipaci\u00f3n"},"content":{"rendered":"<p lang=\"es-ES\">Finalmente, se oficializaron las proporciones de reparto de fondos para los 135 municipios. Los que mejoraron son menos de 50.<!--more--><\/p>\n<hr \/>\n<p lang=\"es-ES\">El Gobierno de la provincia de Buenos Aires difundi\u00f3 los <strong>nuevos \u00edndices para calcular la coparticipaci\u00f3n municipal<\/strong> durante 2022.<\/p>\n<p lang=\"es-ES\">\n<p lang=\"es-ES\">Tal como <a href=\"https:\/\/cdnoticias.com\/index.php\/2022\/01\/12\/olavarria-perdera-38-en-el-coeficiente-de-copartipacion-provincial\/\" target=\"_blank\" rel=\"noopener\">hab\u00eda adelantado el intendente Ezequiel Galli<\/a>, <strong>Olavarr\u00eda cay\u00f3 en el Coeficiente \u00danico de Distribuci\u00f3n (CUD) por casi 4%<\/strong> en comparaci\u00f3n con el utilizado en 2020 y 2021, a\u00f1os en que se utiliz\u00f3 el mismo indicador.<\/p>\n<p lang=\"es-ES\">\n<blockquote>\n<p lang=\"es-ES\">El CUD de 2020 para Olavarr\u00eda fue de 1,03291 mientras que para 2022 el Ministerio de Econom\u00eda lo fij\u00f3 en 0,99303. En la comparativa con el coeficiente de 2017, el municipio cay\u00f3 7,2% este a\u00f1o con el CUD de 2017.<\/p>\n<\/blockquote>\n<p lang=\"es-ES\"><img data-recalc-dims=\"1\" loading=\"lazy\" decoding=\"async\" class=\"size-full wp-image-44439 aligncenter\" src=\"https:\/\/i0.wp.com\/cdnoticias.com\/wp-content\/uploads\/2022\/01\/gobernacion-casa-de-gobierno-de-la-provincia.jpg?resize=800%2C445&#038;ssl=1\" alt=\"\" width=\"800\" height=\"445\" srcset=\"https:\/\/i0.wp.com\/cdnoticias.com\/wp-content\/uploads\/2022\/01\/gobernacion-casa-de-gobierno-de-la-provincia.jpg?w=800&amp;ssl=1 800w, https:\/\/i0.wp.com\/cdnoticias.com\/wp-content\/uploads\/2022\/01\/gobernacion-casa-de-gobierno-de-la-provincia.jpg?resize=300%2C167&amp;ssl=1 300w, https:\/\/i0.wp.com\/cdnoticias.com\/wp-content\/uploads\/2022\/01\/gobernacion-casa-de-gobierno-de-la-provincia.jpg?resize=768%2C427&amp;ssl=1 768w\" sizes=\"auto, (max-width: 800px) 100vw, 800px\" \/><\/p>\n<p lang=\"es-ES\">\n<p lang=\"es-ES\">Este indicador se utiliza<strong> para calcular el reparto de la coparticipaci\u00f3n hacia los municipios<\/strong> pero que tambi\u00e9n se emplea para distribuir fondos especiales, como el Fondo de Infraestructura Municipal.<\/p>\n<p lang=\"es-ES\">\n<p lang=\"es-ES\">La modificaci\u00f3n se realiza todos los a\u00f1os por la cartera de Hacienda y Finanzas, de acuerdo a la Ley 10.559, y comienza a regir el 1\u00ba de enero de cada a\u00f1o. Para su confecci\u00f3n, <strong>se toma en cuenta indicadores<\/strong> como <em>la poblaci\u00f3n, al caudal tur\u00edstico, a la capacidad potencial absoluta y per c\u00e1pita de los Municipios por la recaudaci\u00f3n de tasas que le son propias y determinados efectores de salud, como la capacidad de internaci\u00f3n de los hospitales municipales<\/em>.<\/p>\n<p lang=\"es-ES\">\n<p lang=\"es-ES\">Como cada a\u00f1o, <strong>la lista tiene ganadores y perdedores<\/strong>. Entre los primeros se ubican <strong>Escobar<\/strong>, que aumentar\u00e1 un 20 por ciento los fondos coparticipables que recibe; <strong>General Las Heras<\/strong> con casi 15 por ciento de incremento; <strong>Alberti<\/strong> con casi 10%. Con subas de entre 5 a 10 puntos est\u00e1n <em>Pehuaj\u00f3, Lomas de Zamora, Carlos Tejedor, San Fernando, Mar Chiquita, Luj\u00e1n, Tigre, Adolfo Alsina<\/em>.<\/p>\n<p lang=\"es-ES\">\n<p lang=\"es-ES\"><strong>Son menos de 50 los municipios que registran alzas en sus CUD<\/strong>; el resto tendr\u00e1n bajas.<\/p>\n<p lang=\"es-ES\">\n<p lang=\"es-ES\">Entre los que cayeron, el que peor se ubic\u00f3 es <strong>General Madariaga<\/strong>: tiene 11 por ciento menos en su coeficiente respecto a 2020. Con ca\u00eddas entre 5 y 10 puntos se cuentan <em>Suipacha, Salliquel\u00f3, Florentino Ameghino, Vicente L\u00f3pez, Lincoln, Arrecifes, General Arenales, San Antonio de Areco, General Rodr\u00edguez, Baradero, Necochea, Tapalqu\u00e9, Marcos Paz, Chivilcoy y Salto<\/em>.<\/p>\n<p lang=\"es-ES\">\n<p lang=\"es-ES\"><strong>Todos los CUD<\/strong><\/p>\n<p lang=\"es-ES\"><img data-recalc-dims=\"1\" loading=\"lazy\" decoding=\"async\" class=\"aligncenter wp-image-44438\" src=\"https:\/\/i0.wp.com\/cdnoticias.com\/wp-content\/uploads\/2022\/01\/coparticipacion-CUD-2022.jpg?resize=800%2C1383&#038;ssl=1\" alt=\"\" width=\"800\" height=\"1383\" srcset=\"https:\/\/i0.wp.com\/cdnoticias.com\/wp-content\/uploads\/2022\/01\/coparticipacion-CUD-2022.jpg?resize=592%2C1024&amp;ssl=1 592w, https:\/\/i0.wp.com\/cdnoticias.com\/wp-content\/uploads\/2022\/01\/coparticipacion-CUD-2022.jpg?resize=174%2C300&amp;ssl=1 174w, https:\/\/i0.wp.com\/cdnoticias.com\/wp-content\/uploads\/2022\/01\/coparticipacion-CUD-2022.jpg?resize=768%2C1328&amp;ssl=1 768w, https:\/\/i0.wp.com\/cdnoticias.com\/wp-content\/uploads\/2022\/01\/coparticipacion-CUD-2022.jpg?w=882&amp;ssl=1 882w\" sizes=\"auto, (max-width: 800px) 100vw, 800px\" \/><\/p>\n<p lang=\"es-ES\">Fuente: <em>Infocielo<\/em><\/p>\n","protected":false},"excerpt":{"rendered":"<p>Finalmente, se oficializaron las proporciones de reparto de fondos para los 135 municipios. Los que mejoraron son menos de 50.<\/p>\n","protected":false},"author":4,"featured_media":39511,"comment_status":"closed","ping_status":"closed","sticky":false,"template":"","format":"standard","meta":{"_jetpack_memberships_contains_paid_content":false,"footnotes":""},"categories":[4,1],"tags":[],"class_list":["post-44437","post","type-post","status-publish","format-standard","has-post-thumbnail","hentry","category-politica","category-portada"],"jetpack_featured_media_url":"https:\/\/i0.wp.com\/cdnoticias.com\/wp-content\/uploads\/2021\/11\/municipalidad-palacio-san-martin-3.jpg?fit=800%2C445&ssl=1","jetpack_sharing_enabled":true,"_links":{"self":[{"href":"https:\/\/cdnoticias.com\/index.php\/wp-json\/wp\/v2\/posts\/44437","targetHints":{"allow":["GET"]}}],"collection":[{"href":"https:\/\/cdnoticias.com\/index.php\/wp-json\/wp\/v2\/posts"}],"about":[{"href":"https:\/\/cdnoticias.com\/index.php\/wp-json\/wp\/v2\/types\/post"}],"author":[{"embeddable":true,"href":"https:\/\/cdnoticias.com\/index.php\/wp-json\/wp\/v2\/users\/4"}],"replies":[{"embeddable":true,"href":"https:\/\/cdnoticias.com\/index.php\/wp-json\/wp\/v2\/comments?post=44437"}],"version-history":[{"count":0,"href":"https:\/\/cdnoticias.com\/index.php\/wp-json\/wp\/v2\/posts\/44437\/revisions"}],"wp:featuredmedia":[{"embeddable":true,"href":"https:\/\/cdnoticias.com\/index.php\/wp-json\/wp\/v2\/media\/39511"}],"wp:attachment":[{"href":"https:\/\/cdnoticias.com\/index.php\/wp-json\/wp\/v2\/media?parent=44437"}],"wp:term":[{"taxonomy":"category","embeddable":true,"href":"https:\/\/cdnoticias.com\/index.php\/wp-json\/wp\/v2\/categories?post=44437"},{"taxonomy":"post_tag","embeddable":true,"href":"https:\/\/cdnoticias.com\/index.php\/wp-json\/wp\/v2\/tags?post=44437"}],"curies":[{"name":"wp","href":"https:\/\/api.w.org\/{rel}","templated":true}]}}