{"id":44427,"date":"2022-01-22T19:05:45","date_gmt":"2022-01-22T22:05:45","guid":{"rendered":"https:\/\/www.centraldenoticias.com.ar\/?p=44427"},"modified":"2022-01-22T19:05:45","modified_gmt":"2022-01-22T22:05:45","slug":"mas-de-640-millones-para-mas-de-10-000-pymes-y-cooperativas-en-la-provincia","status":"publish","type":"post","link":"https:\/\/cdnoticias.com\/index.php\/2022\/01\/22\/mas-de-640-millones-para-mas-de-10-000-pymes-y-cooperativas-en-la-provincia\/","title":{"rendered":"M\u00e1s de $640 millones para m\u00e1s de 10.000 pymes y cooperativas en la provincia"},"content":{"rendered":"<p lang=\"es-ES\">Fue a trav\u00e9s del Programa de Sostenimiento Econ\u00f3mico. M\u00e1s de 70 actividades afectadas por la pandemia recibieron subsidios de parte del Gobierno bonaerense.<!--more--><\/p>\n<hr \/>\n<p lang=\"es-ES\"><strong>El Ministerio de Producci\u00f3n, Ciencia e Innovaci\u00f3n Tecnol\u00f3gica otorg\u00f3 m\u00e1s de $640 millones a unidades productivas<\/strong> bonaerenses a trav\u00e9s del Programa de Sostenimiento Econ\u00f3mico y unas 10.800 MiPyMEs, cooperativas y monotributistas de todo el territorio se convirtieron en beneficiarias del plan.<\/p>\n<p lang=\"es-ES\">El \u00e1rea que conduce el <strong>ministro Augusto Costa<\/strong> dio a conocer el reporte sobre el PSE, el fondo provincial puesto en marcha en 2021 que <strong>otorg\u00f3 643.980.000 pesos en aportes no reembolsables (ANR)<\/strong> de car\u00e1cter extraordinario, para respaldar a micro y peque\u00f1as unidades productivas bonaerenses afectadas por la pandemia, e inform\u00f3 que el <strong>93,90% de los solicitantes fueron personas f\u00edsicas<\/strong>, mientras que el resto fueron personas jur\u00eddicas.<\/p>\n<p lang=\"es-ES\">Seg\u00fan se inform\u00f3 en un comunicado oficial, el PSE &#8220;permiti\u00f3 <strong>acompa\u00f1ar y apoyar a unidades productivas de m\u00e1s de 70 actividades<\/strong> repartidas en municipios de toda la Provincia&#8221;. De los 10.811 tr\u00e1mites ingresados, 10.727 de ellos tuvieron evaluaci\u00f3n favorable para acceder al beneficio.<\/p>\n<p lang=\"es-ES\">El programa entreg\u00f3 subsidios de entre 40.000 y 150.000 pesos a cada unidad productiva y las<strong> actividades que registraron m\u00e1s inscripciones y mayores montos<\/strong> evaluados fueron la <em>venta al por menor de prendas de vestir y accesorios, las peluquer\u00edas, el transporte escolar, los espacios gastron\u00f3micos y de venta de bebidas y los servicios de tratamiento de belleza<\/em>.<\/p>\n<p lang=\"es-ES\">Adem\u00e1s, se otorgaron subsidios a actividades como servicios de hospedaje temporal, ense\u00f1anza de deportes, servicio de transporte en taxis y remises, venta minorista de art\u00edculos de relojer\u00eda, joyer\u00eda, fantas\u00eda y bijouterie y venta de electrodom\u00e9sticos, equipos de audio y video y artefactos para el hogar; servicio de transporte escolar, salones de baile, fiestas y boliches; guarder\u00edas y jardines maternales; servicios especializados, como fotograf\u00eda, impresi\u00f3n, fotocopias, ventas de entradas o servicios vinculados a pr\u00e1cticas deportivas y explotaci\u00f3n de instalaciones; y elaboraci\u00f3n de cerveza, entre muchas otras, todas ellas <strong>afectadas particularmente por la pandemia<\/strong>.<\/p>\n<p lang=\"es-ES\"><strong>El municipio que registr\u00f3 m\u00e1s solicitudes fue General Pueyrred\u00f3n<\/strong>, que con 986 inscripciones reuni\u00f3 el 9,12% del total, lo que implic\u00f3 un monto evaluado de unos 58 millones de pesos. Los distritos que le siguieron entre los que registraron m\u00e1s solicitantes fueron <strong>La Plata (793), La Matanza (389), Bah\u00eda Blanca (358) y Tandil (296)<\/strong>.<\/p>\n<p lang=\"es-ES\">De esta manera, el programa se aplic\u00f3 <strong>distribuyendo los aportes de manera equitativa<\/strong> y en la medida que fueron solicitados, independiente de factores pol\u00edticos o partidarios.<\/p>\n<p lang=\"es-ES\">La Provincia mantiene &#8220;<strong>el compromiso de fortalecer el sistema productivo<\/strong>, atendiendo a las necesidades de los distintos sectores, y brindando un especial cuidado a las unidades productivas m\u00e1s peque\u00f1as, que son las que mayor empleo generan&#8221; se destac\u00f3.<\/p>\n<p lang=\"es-ES\">Fuente: <em>Agencia DIB<\/em><\/p>\n","protected":false},"excerpt":{"rendered":"<p>Fue a trav\u00e9s del Programa de Sostenimiento Econ\u00f3mico. M\u00e1s de 70 actividades afectadas por la pandemia recibieron subsidios de parte<\/p>\n","protected":false},"author":4,"featured_media":44428,"comment_status":"closed","ping_status":"closed","sticky":false,"template":"","format":"standard","meta":{"_jetpack_memberships_contains_paid_content":false,"footnotes":""},"categories":[6,1],"tags":[],"class_list":["post-44427","post","type-post","status-publish","format-standard","has-post-thumbnail","hentry","category-nacionales","category-portada"],"jetpack_featured_media_url":"https:\/\/i0.wp.com\/cdnoticias.com\/wp-content\/uploads\/2022\/01\/DIB-pyme-630x420-1.jpg?fit=630%2C420&ssl=1","jetpack_sharing_enabled":true,"_links":{"self":[{"href":"https:\/\/cdnoticias.com\/index.php\/wp-json\/wp\/v2\/posts\/44427","targetHints":{"allow":["GET"]}}],"collection":[{"href":"https:\/\/cdnoticias.com\/index.php\/wp-json\/wp\/v2\/posts"}],"about":[{"href":"https:\/\/cdnoticias.com\/index.php\/wp-json\/wp\/v2\/types\/post"}],"author":[{"embeddable":true,"href":"https:\/\/cdnoticias.com\/index.php\/wp-json\/wp\/v2\/users\/4"}],"replies":[{"embeddable":true,"href":"https:\/\/cdnoticias.com\/index.php\/wp-json\/wp\/v2\/comments?post=44427"}],"version-history":[{"count":0,"href":"https:\/\/cdnoticias.com\/index.php\/wp-json\/wp\/v2\/posts\/44427\/revisions"}],"wp:featuredmedia":[{"embeddable":true,"href":"https:\/\/cdnoticias.com\/index.php\/wp-json\/wp\/v2\/media\/44428"}],"wp:attachment":[{"href":"https:\/\/cdnoticias.com\/index.php\/wp-json\/wp\/v2\/media?parent=44427"}],"wp:term":[{"taxonomy":"category","embeddable":true,"href":"https:\/\/cdnoticias.com\/index.php\/wp-json\/wp\/v2\/categories?post=44427"},{"taxonomy":"post_tag","embeddable":true,"href":"https:\/\/cdnoticias.com\/index.php\/wp-json\/wp\/v2\/tags?post=44427"}],"curies":[{"name":"wp","href":"https:\/\/api.w.org\/{rel}","templated":true}]}}