{"id":44411,"date":"2022-01-21T08:46:15","date_gmt":"2022-01-21T11:46:15","guid":{"rendered":"https:\/\/www.centraldenoticias.com.ar\/?p=44411"},"modified":"2022-01-21T08:46:15","modified_gmt":"2022-01-21T11:46:15","slug":"raquel-judith-lopez-q-e-p-d","status":"publish","type":"post","link":"https:\/\/cdnoticias.com\/index.php\/2022\/01\/21\/raquel-judith-lopez-q-e-p-d\/","title":{"rendered":"Raquel Judith Lopez (Q.E.P.D.)"},"content":{"rendered":"<p>&nbsp;<\/p>\n<p>Falleci\u00f3 en Buenos Aires el d\u00eda 20 de enero de 2022 a los 81 a\u00f1os de edad.<\/p>\n<p>&nbsp;<\/p>\n<p>Sus hijos Mirta Liliana, Stella Maris, Mario Osmar, Rafael Luis y Carlos Roberto Barraza. Sus hijas pol\u00edticas Daniela Marsiglia, Gabriela Gallardo y Gabriela Tucci. Sus nietos. Sus bisnietos. Sus hermanos Maria Esther, Ethel y Carlos Lopez. Sus sobrinos. Sus primos y dem\u00e1s deudos participan de su fallecimiento.<\/p>\n<p>&nbsp;<\/p>\n<p>Velatorio: Espa\u00f1a 2942 departamento &#8221;D&#8221;, viernes de 8 a 12. Responso: Capilla ardiente. Cremaci\u00f3n: Crematorio Pinos de Paz, en d\u00eda a confirmar.<\/p>\n<p>&nbsp;<\/p>\n<p>Localidad donde viv\u00eda: Mar del Plata. Ex vecina de San Jorge<\/p>\n<p>&nbsp;<\/p>\n<p>Actividad que desarrollaba: Jubilada<\/p>\n","protected":false},"excerpt":{"rendered":"<p>&nbsp; Falleci\u00f3 en Buenos Aires el d\u00eda 20 de enero de 2022 a los 81 a\u00f1os de edad. &nbsp; Sus<\/p>\n","protected":false},"author":4,"featured_media":0,"comment_status":"closed","ping_status":"closed","sticky":false,"template":"","format":"standard","meta":{"_jetpack_memberships_contains_paid_content":false,"footnotes":""},"categories":[10],"tags":[],"class_list":["post-44411","post","type-post","status-publish","format-standard","hentry","category-necrologicas"],"jetpack_featured_media_url":"","jetpack_sharing_enabled":true,"_links":{"self":[{"href":"https:\/\/cdnoticias.com\/index.php\/wp-json\/wp\/v2\/posts\/44411","targetHints":{"allow":["GET"]}}],"collection":[{"href":"https:\/\/cdnoticias.com\/index.php\/wp-json\/wp\/v2\/posts"}],"about":[{"href":"https:\/\/cdnoticias.com\/index.php\/wp-json\/wp\/v2\/types\/post"}],"author":[{"embeddable":true,"href":"https:\/\/cdnoticias.com\/index.php\/wp-json\/wp\/v2\/users\/4"}],"replies":[{"embeddable":true,"href":"https:\/\/cdnoticias.com\/index.php\/wp-json\/wp\/v2\/comments?post=44411"}],"version-history":[{"count":0,"href":"https:\/\/cdnoticias.com\/index.php\/wp-json\/wp\/v2\/posts\/44411\/revisions"}],"wp:attachment":[{"href":"https:\/\/cdnoticias.com\/index.php\/wp-json\/wp\/v2\/media?parent=44411"}],"wp:term":[{"taxonomy":"category","embeddable":true,"href":"https:\/\/cdnoticias.com\/index.php\/wp-json\/wp\/v2\/categories?post=44411"},{"taxonomy":"post_tag","embeddable":true,"href":"https:\/\/cdnoticias.com\/index.php\/wp-json\/wp\/v2\/tags?post=44411"}],"curies":[{"name":"wp","href":"https:\/\/api.w.org\/{rel}","templated":true}]}}