{"id":44386,"date":"2022-01-20T20:15:46","date_gmt":"2022-01-20T23:15:46","guid":{"rendered":"https:\/\/www.centraldenoticias.com.ar\/?p=44386"},"modified":"2022-01-21T08:31:00","modified_gmt":"2022-01-21T11:31:00","slug":"emitieron-un-alerta-naranja-por-tormentas-para-las-proximas-horas","status":"publish","type":"post","link":"https:\/\/cdnoticias.com\/index.php\/2022\/01\/20\/emitieron-un-alerta-naranja-por-tormentas-para-las-proximas-horas\/","title":{"rendered":"Emitieron un alerta \u201cnaranja\u201d por tormentas para las pr\u00f3ximas horas"},"content":{"rendered":"<p>Es para la madrugada y ma\u00f1ana de este viernes. Para lo que resta de este jueves rige otro alerta, pero \u201camarillo\u201d.<!--more--><\/p>\n<hr \/>\n<p>Las precipitaciones seguir\u00e1n diciendo presente en el centro bonaerense, seg\u00fan puede verse en el pron\u00f3stico extendido del Servicio Meteorol\u00f3gico Nacional. Sin embargo, habr\u00e1 que tener muy cuenta esta situaci\u00f3n ya qu<strong>e Olavarr\u00eda est\u00e1 alcanzado por alertas por tormentas para las pr\u00f3ximas horas, uno de ellos \u201cnaranja\u201d, lo que se traduce en \u201cfen\u00f3menos meteorol\u00f3gicos peligrosos para la sociedad, la vida, los bienes y el medio ambiente\u201d<\/strong>.<\/p>\n<p>&nbsp;<\/p>\n<p><a href=\"https:\/\/cdnoticias.com\/index.php\/2022\/01\/20\/rige-un-alerta-por-tormentas-e-intensas-rafagas-para-olavarria\/\" target=\"_blank\" rel=\"noopener\">Tal como se hab\u00eda referido m\u00e1s temprano<\/a>, el centro bonaerense y otros puntos del pa\u00eds est\u00e1n dentro del <strong>\u00e1rea de influencia de un alerta amarillo por tormentas, que rige a partir de la noche de este jueves.<\/strong><\/p>\n<p>&nbsp;<\/p>\n<p><img data-recalc-dims=\"1\" loading=\"lazy\" decoding=\"async\" class=\"alignnone size-large wp-image-44387\" src=\"https:\/\/i0.wp.com\/cdnoticias.com\/wp-content\/uploads\/2022\/01\/alertas.jpg?resize=800%2C195&#038;ssl=1\" alt=\"\" width=\"800\" height=\"195\" srcset=\"https:\/\/i0.wp.com\/cdnoticias.com\/wp-content\/uploads\/2022\/01\/alertas.jpg?resize=1024%2C250&amp;ssl=1 1024w, https:\/\/i0.wp.com\/cdnoticias.com\/wp-content\/uploads\/2022\/01\/alertas.jpg?resize=300%2C73&amp;ssl=1 300w, https:\/\/i0.wp.com\/cdnoticias.com\/wp-content\/uploads\/2022\/01\/alertas.jpg?resize=768%2C188&amp;ssl=1 768w, https:\/\/i0.wp.com\/cdnoticias.com\/wp-content\/uploads\/2022\/01\/alertas.jpg?w=1073&amp;ssl=1 1073w\" sizes=\"auto, (max-width: 800px) 100vw, 800px\" \/><\/p>\n<p>&nbsp;<\/p>\n<p>\u201cEl \u00e1rea ser\u00e1 afectada por lluvias y<strong> tormentas de variada intensidad, algunas localmente fuertes o severas, acompa\u00f1adas de intensas r\u00e1fagas, ca\u00edda de granizo, fuerte actividad el\u00e9ctrica y fundamentalmente abundante ca\u00edda de agua en cortos per\u00edodos<\/strong>. Los valores de precipitaci\u00f3n acumulada se estiman entre 30 y 60 mm, pudiendo ser superados de manera localizada\u201d, fue lo que se detall\u00f3 al respecto.<\/p>\n<p>&nbsp;<\/p>\n<p>Sin embargo, la actualizaci\u00f3n m\u00e1s reciente del Servicio Meteorol\u00f3gico Nacional (desarrollada minutos antes de las 18) permite ver que<strong> tanto para la madrugada como para la ma\u00f1ana de este viernes Olavarr\u00eda se ver\u00e1 alcanzado por un alerta \u201cnaranja\u201d, lo que incrementa la peligrosidad del mismo.<\/strong> La principal diferencia puede verse en la estimaci\u00f3n de las<strong> precipitaciones, que aumenta a valores acumulados de entre 70 y 90 mil\u00edmetro<\/strong>s, \u201cpudiendo ser superados de manera puntual\u201d.<\/p>\n<p>&nbsp;<\/p>\n<p>Inclusive, <strong>para la tarde del viernes se espera que sigan las precipitaciones, al punto que regir\u00e1 un alerta \u201camarillo\u201d<\/strong>. El pron\u00f3stico da cuenta de una m\u00e1xima de 26\u00b0 durante la tarde y para la noche, si bien con un bajo porcentaje, se anticipan m\u00e1s lluvias.<\/p>\n","protected":false},"excerpt":{"rendered":"<p>Es para la madrugada y ma\u00f1ana de este viernes. Para lo que resta de este jueves rige otro alerta, pero<\/p>\n","protected":false},"author":3,"featured_media":44388,"comment_status":"closed","ping_status":"closed","sticky":false,"template":"","format":"standard","meta":{"_jetpack_memberships_contains_paid_content":false,"footnotes":""},"categories":[5,1],"tags":[],"class_list":["post-44386","post","type-post","status-publish","format-standard","has-post-thumbnail","hentry","category-informacion-general","category-portada"],"jetpack_featured_media_url":"https:\/\/i0.wp.com\/cdnoticias.com\/wp-content\/uploads\/2022\/01\/FJkxYxDWUAMKDs2.jpg?fit=2081%2C1169&ssl=1","jetpack_sharing_enabled":true,"_links":{"self":[{"href":"https:\/\/cdnoticias.com\/index.php\/wp-json\/wp\/v2\/posts\/44386","targetHints":{"allow":["GET"]}}],"collection":[{"href":"https:\/\/cdnoticias.com\/index.php\/wp-json\/wp\/v2\/posts"}],"about":[{"href":"https:\/\/cdnoticias.com\/index.php\/wp-json\/wp\/v2\/types\/post"}],"author":[{"embeddable":true,"href":"https:\/\/cdnoticias.com\/index.php\/wp-json\/wp\/v2\/users\/3"}],"replies":[{"embeddable":true,"href":"https:\/\/cdnoticias.com\/index.php\/wp-json\/wp\/v2\/comments?post=44386"}],"version-history":[{"count":0,"href":"https:\/\/cdnoticias.com\/index.php\/wp-json\/wp\/v2\/posts\/44386\/revisions"}],"wp:featuredmedia":[{"embeddable":true,"href":"https:\/\/cdnoticias.com\/index.php\/wp-json\/wp\/v2\/media\/44388"}],"wp:attachment":[{"href":"https:\/\/cdnoticias.com\/index.php\/wp-json\/wp\/v2\/media?parent=44386"}],"wp:term":[{"taxonomy":"category","embeddable":true,"href":"https:\/\/cdnoticias.com\/index.php\/wp-json\/wp\/v2\/categories?post=44386"},{"taxonomy":"post_tag","embeddable":true,"href":"https:\/\/cdnoticias.com\/index.php\/wp-json\/wp\/v2\/tags?post=44386"}],"curies":[{"name":"wp","href":"https:\/\/api.w.org\/{rel}","templated":true}]}}