{"id":44340,"date":"2022-01-20T10:09:31","date_gmt":"2022-01-20T13:09:31","guid":{"rendered":"https:\/\/www.centraldenoticias.com.ar\/?p=44340"},"modified":"2022-01-20T13:11:15","modified_gmt":"2022-01-20T16:11:15","slug":"rige-un-alerta-por-tormentas-e-intensas-rafagas-para-olavarria","status":"publish","type":"post","link":"https:\/\/cdnoticias.com\/index.php\/2022\/01\/20\/rige-un-alerta-por-tormentas-e-intensas-rafagas-para-olavarria\/","title":{"rendered":"Rige un alerta por tormentas e intensas r\u00e1fagas para Olavarr\u00eda"},"content":{"rendered":"<p>As\u00ed lo inform\u00f3 el Servicio Meteorol\u00f3gico Nacional. Se extiende hasta el viernes y se prev\u00e9 lluvias y tormentas de variada intensidad.<!--more--><\/p>\n<hr \/>\n<p>Desde el Servicio Meteorol\u00f3gico Nacional se inform\u00f3 que <strong>para este jueves y ma\u00f1ana viernes<\/strong> rige un alerta por tormentas para la zona que<strong> incluye a nuestra ciudad y a las localidades de General La Madrid y Laprida.<\/strong><\/p>\n<p>&nbsp;<\/p>\n<p>El \u00e1rea ser\u00e1 afectada por<strong> lluvias y tormentas de variada intensidad, algunas localmente fuertes o severas, acompa\u00f1adas de intensas r\u00e1fagas, ca\u00edda de granizo, fuerte actividad el\u00e9ctrica y fundamentalmente abundante ca\u00edda de agua en cortos per\u00edodos.<\/strong><\/p>\n<p>&nbsp;<\/p>\n<p><img data-recalc-dims=\"1\" loading=\"lazy\" decoding=\"async\" class=\"aligncenter wp-image-44341 size-full\" src=\"https:\/\/i0.wp.com\/cdnoticias.com\/wp-content\/uploads\/2022\/01\/smn.png?resize=800%2C369&#038;ssl=1\" alt=\"\" width=\"800\" height=\"369\" srcset=\"https:\/\/i0.wp.com\/cdnoticias.com\/wp-content\/uploads\/2022\/01\/smn.png?w=1249&amp;ssl=1 1249w, https:\/\/i0.wp.com\/cdnoticias.com\/wp-content\/uploads\/2022\/01\/smn.png?resize=300%2C138&amp;ssl=1 300w, https:\/\/i0.wp.com\/cdnoticias.com\/wp-content\/uploads\/2022\/01\/smn.png?resize=1024%2C472&amp;ssl=1 1024w, https:\/\/i0.wp.com\/cdnoticias.com\/wp-content\/uploads\/2022\/01\/smn.png?resize=768%2C354&amp;ssl=1 768w\" sizes=\"auto, (max-width: 800px) 100vw, 800px\" \/><\/p>\n<p>&nbsp;<\/p>\n<p>Adem\u00e1s, se indic\u00f3 que los valores de precipitaci\u00f3n acumulada se estiman entre 30 y 70 mm, pudiendo ser superados de manera localizada.<\/p>\n<p>&nbsp;<\/p>\n<p>Indicaron que la m\u00e1xima estimada de este jueves es de 26\u00b0. En tanto, la temperatura m\u00ednima para el viernes se ubica en 19\u00b0 y la m\u00e1xima en 26\u00b0.<\/p>\n","protected":false},"excerpt":{"rendered":"<p>As\u00ed lo inform\u00f3 el Servicio Meteorol\u00f3gico Nacional. Se extiende hasta el viernes y se prev\u00e9 lluvias y tormentas de variada<\/p>\n","protected":false},"author":5,"featured_media":2463,"comment_status":"closed","ping_status":"closed","sticky":false,"template":"","format":"standard","meta":{"_jetpack_memberships_contains_paid_content":false,"footnotes":""},"categories":[5,1],"tags":[],"class_list":["post-44340","post","type-post","status-publish","format-standard","has-post-thumbnail","hentry","category-informacion-general","category-portada"],"jetpack_featured_media_url":"https:\/\/i0.wp.com\/cdnoticias.com\/wp-content\/uploads\/2020\/09\/WhatsApp-Image-2020-09-25-at-17.28.15.jpeg?fit=1280%2C785&ssl=1","jetpack_sharing_enabled":true,"_links":{"self":[{"href":"https:\/\/cdnoticias.com\/index.php\/wp-json\/wp\/v2\/posts\/44340","targetHints":{"allow":["GET"]}}],"collection":[{"href":"https:\/\/cdnoticias.com\/index.php\/wp-json\/wp\/v2\/posts"}],"about":[{"href":"https:\/\/cdnoticias.com\/index.php\/wp-json\/wp\/v2\/types\/post"}],"author":[{"embeddable":true,"href":"https:\/\/cdnoticias.com\/index.php\/wp-json\/wp\/v2\/users\/5"}],"replies":[{"embeddable":true,"href":"https:\/\/cdnoticias.com\/index.php\/wp-json\/wp\/v2\/comments?post=44340"}],"version-history":[{"count":0,"href":"https:\/\/cdnoticias.com\/index.php\/wp-json\/wp\/v2\/posts\/44340\/revisions"}],"wp:featuredmedia":[{"embeddable":true,"href":"https:\/\/cdnoticias.com\/index.php\/wp-json\/wp\/v2\/media\/2463"}],"wp:attachment":[{"href":"https:\/\/cdnoticias.com\/index.php\/wp-json\/wp\/v2\/media?parent=44340"}],"wp:term":[{"taxonomy":"category","embeddable":true,"href":"https:\/\/cdnoticias.com\/index.php\/wp-json\/wp\/v2\/categories?post=44340"},{"taxonomy":"post_tag","embeddable":true,"href":"https:\/\/cdnoticias.com\/index.php\/wp-json\/wp\/v2\/tags?post=44340"}],"curies":[{"name":"wp","href":"https:\/\/api.w.org\/{rel}","templated":true}]}}