{"id":44325,"date":"2022-01-19T20:56:13","date_gmt":"2022-01-19T23:56:13","guid":{"rendered":"https:\/\/www.centraldenoticias.com.ar\/?p=44325"},"modified":"2022-01-20T08:37:31","modified_gmt":"2022-01-20T11:37:31","slug":"un-motociclista-olavarriense-murio-en-un-siniestro-vial-en-rio-grande","status":"publish","type":"post","link":"https:\/\/cdnoticias.com\/index.php\/2022\/01\/19\/un-motociclista-olavarriense-murio-en-un-siniestro-vial-en-rio-grande\/","title":{"rendered":"Un motociclista olavarriense muri\u00f3 en un siniestro vial en R\u00edo Grande"},"content":{"rendered":"<p>Ocurri\u00f3 este mi\u00e9rcoles sobre ruta 3 a unos 15 kil\u00f3metros del ingreso a la ciudad. Viajaba acompa\u00f1ado por otro motociclista tambi\u00e9n de nuestra ciudad.<\/p>\n<p><!--more--><\/p>\n<hr \/>\n<p>Un motociclista olavarriense falleci\u00f3 este mi\u00e9rcoles al accidentarse con su veh\u00edculo de alta cilindrada sobre la <strong>ruta 3, a unos 15 kil\u00f3metros al norte del ingreso a la ciudad de R\u00edo Grande.<\/strong><\/p>\n<p>&nbsp;<\/p>\n<p>El vecino de nuestra ciudad viajaba junto a un compa\u00f1ero, ambos montados en motocicletas de alta cilindrada.<\/p>\n<p>&nbsp;<\/p>\n<p>Seg\u00fan indican medios locales, <strong>el siniestro vial se produjo en una extensa y peligrosa curva localizada poco despu\u00e9s del puente del r\u00edo Chico.<\/strong> All\u00ed, el veh\u00edculo, una motocicleta Royal Interceptor 650cc, roz\u00f3 el guardarrail, se descontrol\u00f3 y arrastr\u00f3 a su piloto unos 80 metros sobre el asfalto.<\/p>\n<p>&nbsp;<\/p>\n<p>Como consecuencia del accidente, <strong>el joven identificado como Maximiliano Sarachu, de 37 a\u00f1os, falleci\u00f3 en el acto.<\/strong> Viajaba acompa\u00f1ado por otro motociclista,<strong> Paz Da Silva de 28 a\u00f1os.<\/strong><\/p>\n<p>&nbsp;<\/p>\n<p>Da Silva manifest\u00f3 que ven\u00eda circulando por delante cuando se percat\u00f3 que su amigo de repente cay\u00f3.<strong> Indic\u00f3 que el viento era muy fuerte en ese tramo del camino<\/strong> y ese podr\u00eda haber el causante del despiste de su compa\u00f1ero.<\/p>\n<p>&nbsp;<\/p>\n<p>Actuaron en la emergencia personal de la Polic\u00eda Provincial, Bomberos de Polic\u00eda, Defensa Civil y del Hospital Regional R\u00edo Grande.<\/p>\n<p>&nbsp;<\/p>\n<p>Fuente: Radio Fueguina y El diario nuevo d\u00eda.<\/p>\n","protected":false},"excerpt":{"rendered":"<p>Ocurri\u00f3 este mi\u00e9rcoles sobre ruta 3 a unos 15 kil\u00f3metros del ingreso a la ciudad. Viajaba acompa\u00f1ado por otro motociclista<\/p>\n","protected":false},"author":5,"featured_media":44335,"comment_status":"closed","ping_status":"closed","sticky":false,"template":"","format":"standard","meta":{"_jetpack_memberships_contains_paid_content":false,"footnotes":""},"categories":[14,1],"tags":[],"class_list":["post-44325","post","type-post","status-publish","format-standard","has-post-thumbnail","hentry","category-policiales","category-portada"],"jetpack_featured_media_url":"https:\/\/i0.wp.com\/cdnoticias.com\/wp-content\/uploads\/2022\/01\/Diseno-sin-titulo-38.png?fit=1080%2C1080&ssl=1","jetpack_sharing_enabled":true,"_links":{"self":[{"href":"https:\/\/cdnoticias.com\/index.php\/wp-json\/wp\/v2\/posts\/44325","targetHints":{"allow":["GET"]}}],"collection":[{"href":"https:\/\/cdnoticias.com\/index.php\/wp-json\/wp\/v2\/posts"}],"about":[{"href":"https:\/\/cdnoticias.com\/index.php\/wp-json\/wp\/v2\/types\/post"}],"author":[{"embeddable":true,"href":"https:\/\/cdnoticias.com\/index.php\/wp-json\/wp\/v2\/users\/5"}],"replies":[{"embeddable":true,"href":"https:\/\/cdnoticias.com\/index.php\/wp-json\/wp\/v2\/comments?post=44325"}],"version-history":[{"count":0,"href":"https:\/\/cdnoticias.com\/index.php\/wp-json\/wp\/v2\/posts\/44325\/revisions"}],"wp:featuredmedia":[{"embeddable":true,"href":"https:\/\/cdnoticias.com\/index.php\/wp-json\/wp\/v2\/media\/44335"}],"wp:attachment":[{"href":"https:\/\/cdnoticias.com\/index.php\/wp-json\/wp\/v2\/media?parent=44325"}],"wp:term":[{"taxonomy":"category","embeddable":true,"href":"https:\/\/cdnoticias.com\/index.php\/wp-json\/wp\/v2\/categories?post=44325"},{"taxonomy":"post_tag","embeddable":true,"href":"https:\/\/cdnoticias.com\/index.php\/wp-json\/wp\/v2\/tags?post=44325"}],"curies":[{"name":"wp","href":"https:\/\/api.w.org\/{rel}","templated":true}]}}