{"id":44296,"date":"2022-01-19T15:58:25","date_gmt":"2022-01-19T18:58:25","guid":{"rendered":"https:\/\/www.centraldenoticias.com.ar\/?p=44296"},"modified":"2022-01-19T15:58:25","modified_gmt":"2022-01-19T18:58:25","slug":"en-la-provincia-regira-el-pase-sanitario-en-transporte-de-media-y-larga-distancia","status":"publish","type":"post","link":"https:\/\/cdnoticias.com\/index.php\/2022\/01\/19\/en-la-provincia-regira-el-pase-sanitario-en-transporte-de-media-y-larga-distancia\/","title":{"rendered":"En la Provincia regir\u00e1 el pase sanitario en transporte de media y larga distancia"},"content":{"rendered":"<p>Lo confirmaron los ministros de Salud, Nicol\u00e1s Kreplak y de Transporte, Jorge D\u2019Onofrio. La resoluci\u00f3n ya est\u00e1 lista y pronto comenzar\u00e1 a implementarse.<!--more--><\/p>\n<hr \/>\n<p>El Gobierno bonaerense confirm\u00f3 este mi\u00e9rcoles que <strong>en la provincia de Buenos Aires comenzar\u00e1 a regir el pase libre con vacunas para el servicio de transporte de media y larga distancia<\/strong>.<\/p>\n<p>&nbsp;<\/p>\n<p><strong>\u201cEst\u00e1 a punto de implementarse el pase sanitario en media y larga distancia, la resoluci\u00f3n est\u00e1 lista\u201d, dijo el ministro de Transporte bonaerense, Jorge D\u2019Onofrio<\/strong> en declaraciones a radio FutuRock. La medida tambi\u00e9n fue confirmada por su par de Salud, Nicol\u00e1s Kreplak esta ma\u00f1ana.<\/p>\n<p>&nbsp;<\/p>\n<p>Asimismo, D\u2019Onofrio detall\u00f3 que el pase, en el caso del transporte, <strong>se pedir\u00e1 al momento de la compra de los pasajes<\/strong>. Mientras que el funcionario de la cartera sanitaria remarc\u00f3 que la implementaci\u00f3n del pasaporte de vacunas \u2013que rige para varias actividades desde el 21 de diciembre en la provincia\u2013 tuvo impacto en un incremento en la vacunaci\u00f3n de la poblaci\u00f3n para poder tener acceso a realizar tr\u00e1mites y participar de eventos p\u00fablicos.<\/p>\n<p>&nbsp;<\/p>\n<p><img data-recalc-dims=\"1\" loading=\"lazy\" decoding=\"async\" class=\"alignnone size-full wp-image-44032\" src=\"https:\/\/i0.wp.com\/cdnoticias.com\/wp-content\/uploads\/2022\/01\/DIB-jorge-DOnofrio-verano-696x462-1.jpg?resize=696%2C462&#038;ssl=1\" alt=\"\" width=\"696\" height=\"462\" srcset=\"https:\/\/i0.wp.com\/cdnoticias.com\/wp-content\/uploads\/2022\/01\/DIB-jorge-DOnofrio-verano-696x462-1.jpg?w=696&amp;ssl=1 696w, https:\/\/i0.wp.com\/cdnoticias.com\/wp-content\/uploads\/2022\/01\/DIB-jorge-DOnofrio-verano-696x462-1.jpg?resize=300%2C199&amp;ssl=1 300w, https:\/\/i0.wp.com\/cdnoticias.com\/wp-content\/uploads\/2022\/01\/DIB-jorge-DOnofrio-verano-696x462-1.jpg?resize=272%2C182&amp;ssl=1 272w\" sizes=\"auto, (max-width: 696px) 100vw, 696px\" \/><\/p>\n<p>&nbsp;<\/p>\n<p>\u201c<strong>Esto nos permiti\u00f3 aumentar primera y segunda dosis<\/strong>, estamos en m\u00e1s del 90% que ha recibido la primera y el 78% que ha completado el esquema y el 22% con la tercera dosis\u201d, detall\u00f3 durante una entrevista a Radio 10.<\/p>\n<p>&nbsp;<\/p>\n<p>La posibilidad de implementar el pase sanitario en el servicio de transporte hab\u00eda sido adelantada por D\u2019Onofrio la semana pasada, quien <strong>hab\u00eda dicho que estaba a favor de la medida para colectivos de media y larga distancia en el marco de la temporada<\/strong>, y hab\u00eda afirmado que se reunir\u00eda con su par de Salud para evaluar c\u00f3mo llevarla adelante.<\/p>\n<p>&nbsp;<\/p>\n<p>Hasta ahora, el pase sanitario <strong>en forma obligatoria debe presentarse por los mayores de 13 a\u00f1os que quieran acceder a distintas actividades consideradas de \u201criesgo epidemiol\u00f3gico\u201d o realizar tr\u00e1mites en forma presencial<\/strong>, como estrategia para seguir incentivando la vacunaci\u00f3n y aumentar la prevenci\u00f3n ante el incremento de casos de coronavirus en todo el pa\u00eds.<\/p>\n<p>&nbsp;<\/p>\n<p>Por otro lado, <strong>D\u2019Onofrio sostuvo que un pase libre con vacunas deber\u00eda extenderse tambi\u00e9n a las escuelas<\/strong>. \u201cEn un \u00e1mbito como la escuela, que hoy es el \u00fanico que tenemos flojo en vacunaci\u00f3n, que tenemos pasando el 50% de ni\u00f1os vacunados, es importante que se acelere el ritmo de vacunaci\u00f3n\u201d, apunt\u00f3.<\/p>\n<p>&nbsp;<\/p>\n<p>Fuente: <em>Agencia DIB<\/em><\/p>\n","protected":false},"excerpt":{"rendered":"<p>Lo confirmaron los ministros de Salud, Nicol\u00e1s Kreplak y de Transporte, Jorge D\u2019Onofrio. La resoluci\u00f3n ya est\u00e1 lista y pronto<\/p>\n","protected":false},"author":4,"featured_media":44297,"comment_status":"closed","ping_status":"closed","sticky":false,"template":"","format":"standard","meta":{"_jetpack_memberships_contains_paid_content":false,"footnotes":""},"categories":[6,1],"tags":[],"class_list":["post-44296","post","type-post","status-publish","format-standard","has-post-thumbnail","hentry","category-nacionales","category-portada"],"jetpack_featured_media_url":"https:\/\/i0.wp.com\/cdnoticias.com\/wp-content\/uploads\/2022\/01\/DIB-colectivo-control-1068x711-1.jpg?fit=1068%2C711&ssl=1","jetpack_sharing_enabled":true,"_links":{"self":[{"href":"https:\/\/cdnoticias.com\/index.php\/wp-json\/wp\/v2\/posts\/44296","targetHints":{"allow":["GET"]}}],"collection":[{"href":"https:\/\/cdnoticias.com\/index.php\/wp-json\/wp\/v2\/posts"}],"about":[{"href":"https:\/\/cdnoticias.com\/index.php\/wp-json\/wp\/v2\/types\/post"}],"author":[{"embeddable":true,"href":"https:\/\/cdnoticias.com\/index.php\/wp-json\/wp\/v2\/users\/4"}],"replies":[{"embeddable":true,"href":"https:\/\/cdnoticias.com\/index.php\/wp-json\/wp\/v2\/comments?post=44296"}],"version-history":[{"count":0,"href":"https:\/\/cdnoticias.com\/index.php\/wp-json\/wp\/v2\/posts\/44296\/revisions"}],"wp:featuredmedia":[{"embeddable":true,"href":"https:\/\/cdnoticias.com\/index.php\/wp-json\/wp\/v2\/media\/44297"}],"wp:attachment":[{"href":"https:\/\/cdnoticias.com\/index.php\/wp-json\/wp\/v2\/media?parent=44296"}],"wp:term":[{"taxonomy":"category","embeddable":true,"href":"https:\/\/cdnoticias.com\/index.php\/wp-json\/wp\/v2\/categories?post=44296"},{"taxonomy":"post_tag","embeddable":true,"href":"https:\/\/cdnoticias.com\/index.php\/wp-json\/wp\/v2\/tags?post=44296"}],"curies":[{"name":"wp","href":"https:\/\/api.w.org\/{rel}","templated":true}]}}