{"id":44283,"date":"2022-01-19T13:12:31","date_gmt":"2022-01-19T16:12:31","guid":{"rendered":"https:\/\/www.centraldenoticias.com.ar\/?p=44283"},"modified":"2022-01-19T13:12:31","modified_gmt":"2022-01-19T16:12:31","slug":"los-miercoles-clases-de-tango-itinerantes","status":"publish","type":"post","link":"https:\/\/cdnoticias.com\/index.php\/2022\/01\/19\/los-miercoles-clases-de-tango-itinerantes\/","title":{"rendered":"Los mi\u00e9rcoles, clases de tango itinerantes"},"content":{"rendered":"<p>Es una iniciativa en el marco de las actividades de verano de las Escuelas Art\u00edsticas Municipales. Este mi\u00e9rcoles, desde las 19, en la Casa del Bicentenario.<!--more--><\/p>\n<hr \/>\n<p>La Direcci\u00f3n de Cultura del Municipio inform\u00f3 que, en el marco de la actividad de verano de las Escuelas Art\u00edsticas Municipales, <strong>habr\u00e1 clases de tango en diferentes puntos de la ciudad<\/strong>.<\/p>\n<p>&nbsp;<\/p>\n<p>Es as\u00ed que la propuesta <strong>comenzar\u00e1 este mi\u00e9rcoles 19 de enero en Casa del Bicentenario<\/strong> y se desarrollar\u00e1 <strong>todos los mi\u00e9rcoles en el horario de 19 a 21<\/strong>.<\/p>\n<p>&nbsp;<\/p>\n<p>El <strong>cronograma<\/strong> continuar\u00e1 de la siguiente manera:<\/p>\n<p>&nbsp;<\/p>\n<ul>\n<li>26 de enero: Museo D\u00e1maso Arce<\/li>\n<li>2 de febrero: Prado Espa\u00f1ol (D\u00e1maso Arce y 25 de Mayo)<\/li>\n<li>9 de febrero: Plaza Manuel Belgrano (barrio San Vicente, Moreno y Buchardo)<\/li>\n<li>16 de febrero: Paseo Jes\u00fas Mend\u00eda<\/li>\n<\/ul>\n<p>&nbsp;<\/p>\n<p>Quienes est\u00e9n interesados en participar, podr\u00e1n acercarse de lunes a viernes de 9 a 12:30 horas a la Casa de la Cultura (Coronel Su\u00e1rez 2924) o comunicarse telef\u00f3nicamente al (02284) 426043.<\/p>\n","protected":false},"excerpt":{"rendered":"<p>Es una iniciativa en el marco de las actividades de verano de las Escuelas Art\u00edsticas Municipales. Este mi\u00e9rcoles, desde las<\/p>\n","protected":false},"author":4,"featured_media":44284,"comment_status":"closed","ping_status":"closed","sticky":false,"template":"","format":"standard","meta":{"_jetpack_memberships_contains_paid_content":false,"footnotes":""},"categories":[9,1],"tags":[],"class_list":["post-44283","post","type-post","status-publish","format-standard","has-post-thumbnail","hentry","category-cultura","category-portada"],"jetpack_featured_media_url":"https:\/\/i0.wp.com\/cdnoticias.com\/wp-content\/uploads\/2022\/01\/Tango-1024x678-1.jpg?fit=1024%2C678&ssl=1","jetpack_sharing_enabled":true,"_links":{"self":[{"href":"https:\/\/cdnoticias.com\/index.php\/wp-json\/wp\/v2\/posts\/44283","targetHints":{"allow":["GET"]}}],"collection":[{"href":"https:\/\/cdnoticias.com\/index.php\/wp-json\/wp\/v2\/posts"}],"about":[{"href":"https:\/\/cdnoticias.com\/index.php\/wp-json\/wp\/v2\/types\/post"}],"author":[{"embeddable":true,"href":"https:\/\/cdnoticias.com\/index.php\/wp-json\/wp\/v2\/users\/4"}],"replies":[{"embeddable":true,"href":"https:\/\/cdnoticias.com\/index.php\/wp-json\/wp\/v2\/comments?post=44283"}],"version-history":[{"count":0,"href":"https:\/\/cdnoticias.com\/index.php\/wp-json\/wp\/v2\/posts\/44283\/revisions"}],"wp:featuredmedia":[{"embeddable":true,"href":"https:\/\/cdnoticias.com\/index.php\/wp-json\/wp\/v2\/media\/44284"}],"wp:attachment":[{"href":"https:\/\/cdnoticias.com\/index.php\/wp-json\/wp\/v2\/media?parent=44283"}],"wp:term":[{"taxonomy":"category","embeddable":true,"href":"https:\/\/cdnoticias.com\/index.php\/wp-json\/wp\/v2\/categories?post=44283"},{"taxonomy":"post_tag","embeddable":true,"href":"https:\/\/cdnoticias.com\/index.php\/wp-json\/wp\/v2\/tags?post=44283"}],"curies":[{"name":"wp","href":"https:\/\/api.w.org\/{rel}","templated":true}]}}