{"id":44281,"date":"2022-01-19T10:54:14","date_gmt":"2022-01-19T13:54:14","guid":{"rendered":"https:\/\/www.centraldenoticias.com.ar\/?p=44281"},"modified":"2022-01-19T10:54:14","modified_gmt":"2022-01-19T13:54:14","slug":"ofelia-noemi-de-tomas-viuda-de-flores-ofe-q-e-p-d","status":"publish","type":"post","link":"https:\/\/cdnoticias.com\/index.php\/2022\/01\/19\/ofelia-noemi-de-tomas-viuda-de-flores-ofe-q-e-p-d\/","title":{"rendered":"Ofelia Noem\u00ed De Tom\u00e1s viuda de Flores \u201cOfe\u201d (Q.E.P.D.)"},"content":{"rendered":"<p>Falleci\u00f3 en Sierras Bayas el 19 de enero de 2022 a los 65 a\u00f1os. Sus hijos Viviana, Mar\u00eda Jos\u00e9, Leonardo, Luciano, Patricia y Melisa; sus hijos pol\u00edticos Antonio, David y Diego; sus nietos Antonella, Leonel, Nair, Valent\u00edn, Stefan\u00eda, Nehem\u00edas, Nahuel y Francesca; su bisnieta Libertad y dem\u00e1s deudos participan su fallecimiento.<\/p>\n<p>&nbsp;<\/p>\n<p>Sus restos ser\u00e1n velados en la sala de Sierras Bayas, departamento \u201cA\u201d este mi\u00e9rcoles desde las 11 horas e inhumados en el Crematorio Pinos de Paz, en d\u00eda y horario a confirmar. Nacida y vecina de Sierras Bayas, pensionada.<\/p>\n<p>&nbsp;<\/p>\n","protected":false},"excerpt":{"rendered":"<p>Falleci\u00f3 en Sierras Bayas el 19 de enero de 2022 a los 65 a\u00f1os. Sus hijos Viviana, Mar\u00eda Jos\u00e9, Leonardo,<\/p>\n","protected":false},"author":2,"featured_media":0,"comment_status":"closed","ping_status":"closed","sticky":false,"template":"","format":"standard","meta":{"_jetpack_memberships_contains_paid_content":false,"footnotes":""},"categories":[10],"tags":[],"class_list":["post-44281","post","type-post","status-publish","format-standard","hentry","category-necrologicas"],"jetpack_featured_media_url":"","jetpack_sharing_enabled":true,"_links":{"self":[{"href":"https:\/\/cdnoticias.com\/index.php\/wp-json\/wp\/v2\/posts\/44281","targetHints":{"allow":["GET"]}}],"collection":[{"href":"https:\/\/cdnoticias.com\/index.php\/wp-json\/wp\/v2\/posts"}],"about":[{"href":"https:\/\/cdnoticias.com\/index.php\/wp-json\/wp\/v2\/types\/post"}],"author":[{"embeddable":true,"href":"https:\/\/cdnoticias.com\/index.php\/wp-json\/wp\/v2\/users\/2"}],"replies":[{"embeddable":true,"href":"https:\/\/cdnoticias.com\/index.php\/wp-json\/wp\/v2\/comments?post=44281"}],"version-history":[{"count":0,"href":"https:\/\/cdnoticias.com\/index.php\/wp-json\/wp\/v2\/posts\/44281\/revisions"}],"wp:attachment":[{"href":"https:\/\/cdnoticias.com\/index.php\/wp-json\/wp\/v2\/media?parent=44281"}],"wp:term":[{"taxonomy":"category","embeddable":true,"href":"https:\/\/cdnoticias.com\/index.php\/wp-json\/wp\/v2\/categories?post=44281"},{"taxonomy":"post_tag","embeddable":true,"href":"https:\/\/cdnoticias.com\/index.php\/wp-json\/wp\/v2\/tags?post=44281"}],"curies":[{"name":"wp","href":"https:\/\/api.w.org\/{rel}","templated":true}]}}