{"id":44274,"date":"2022-01-19T10:34:57","date_gmt":"2022-01-19T13:34:57","guid":{"rendered":"https:\/\/www.centraldenoticias.com.ar\/?p=44274"},"modified":"2022-01-19T10:35:58","modified_gmt":"2022-01-19T13:35:58","slug":"hilario-galli-sobre-la-suba-de-tasas-no-mentimos-no-prometemos","status":"publish","type":"post","link":"https:\/\/cdnoticias.com\/index.php\/2022\/01\/19\/hilario-galli-sobre-la-suba-de-tasas-no-mentimos-no-prometemos\/","title":{"rendered":"Hilario Galli sobre la suba de tasas: \u201cno mentimos, no prometemos\u201d"},"content":{"rendered":"<p>El secretario de Gobierno public\u00f3 un video con dichos del Intendente que datan de julio de 2021 donde anticipaba una probable suba por estos d\u00edas \u201chasta que no haya un control de la inflaci\u00f3n descontrolada que tenemos\u201d. <!--more--><\/p>\n<hr \/>\n<p>Tras<a href=\"https:\/\/cdnoticias.com\/index.php\/2022\/01\/18\/los-aumentos-van-en-contra-de-lo-que-prometieron-en-campana\/\" target=\"_blank\" rel=\"noopener\"> un comunicado del Frente de Todos en el que se manifestaban abiertamente en contra del aumento por decreto<\/a> de<a href=\"https:\/\/cdnoticias.com\/index.php\/2022\/01\/18\/confirman-una-suba-en-las-tasas-municipales-del-20\/\" target=\"_blank\" rel=\"noopener\"> poco m\u00e1s del 20% en las Tasas municipales<\/a>,<strong> el secretario de Gobierno Hilario Galli respondi\u00f3 al se\u00f1alar que \u201cno mentimos, no prometemos\u201d y cit\u00f3 al Intendente Galli, quien anticip\u00f3 el aumento en julio de 2021.<\/strong><\/p>\n<p>&nbsp;<\/p>\n<p>Esa cita, expresada en un audio publicado por el funcionario, el jefe comunal se\u00f1al\u00f3 que <strong><em>\u201chasta que no haya un control de la inflaci\u00f3n descontrolada que tenemos hoy, realmente uno tiene que acompa\u00f1ar los ingresos a los egresos, sino la cuenta no cierra nunca. Esto es muy claro\u201d.<\/em><\/strong><\/p>\n<p>&nbsp;<\/p>\n<p><iframe loading=\"lazy\" style=\"border: none; overflow: hidden;\" src=\"https:\/\/www.facebook.com\/plugins\/video.php?height=559&amp;href=https%3A%2F%2Fwww.facebook.com%2F108371248251725%2Fvideos%2F659798602036937%2F&amp;show_text=false&amp;width=560&amp;t=0\" width=\"560\" height=\"559\" frameborder=\"0\" scrolling=\"no\" allowfullscreen=\"allowfullscreen\"><\/iframe><\/p>\n<p>&nbsp;<\/p>\n<p>Detall\u00f3 all\u00ed que <em>\u201csi tenemos aumento de costos permanente en los combustibles, en los medicamentos, en los insumos para el Hospital, en la recolecci\u00f3n de residuos en la ciudad, aumento de costos en las obras que estamos llevando adelante, para cubrir ese aumento de costos uno tiene que aumentar los ingresos\u201d.<\/em><\/p>\n<p>&nbsp;<\/p>\n<blockquote><p><em>\u201cEn el Municipio no tenemos forma ni capacidad ni manera legal de endeudarnos, ni con un bono como lo tiene la Provincia.<strong> Y dentro de seis meses lo vamos a volver a hacer, queremos que la gente lo sepa<\/strong>\u201d<\/em> anticip\u00f3 Ezequiel Galli, situaci\u00f3n que se dio a conocer este \u00faltimo martes.<\/p><\/blockquote>\n<p>&nbsp;<\/p>\n<p>El secretario de Gobierno, por su parte, dijo que el aviso del aumento <em>\u201clo dijimos el 23 de julio de 2021. No mentimos, no prometemos. Trabajamos y escuchamos\u201d.<\/em><\/p>\n","protected":false},"excerpt":{"rendered":"<p>El secretario de Gobierno public\u00f3 un video con dichos del Intendente que datan de julio de 2021 donde anticipaba una<\/p>\n","protected":false},"author":2,"featured_media":3532,"comment_status":"closed","ping_status":"closed","sticky":false,"template":"","format":"standard","meta":{"_jetpack_memberships_contains_paid_content":false,"footnotes":""},"categories":[4,1],"tags":[],"class_list":["post-44274","post","type-post","status-publish","format-standard","has-post-thumbnail","hentry","category-politica","category-portada"],"jetpack_featured_media_url":"https:\/\/i0.wp.com\/cdnoticias.com\/wp-content\/uploads\/2020\/10\/Hilario-Galli.jpeg?fit=1280%2C853&ssl=1","jetpack_sharing_enabled":true,"_links":{"self":[{"href":"https:\/\/cdnoticias.com\/index.php\/wp-json\/wp\/v2\/posts\/44274","targetHints":{"allow":["GET"]}}],"collection":[{"href":"https:\/\/cdnoticias.com\/index.php\/wp-json\/wp\/v2\/posts"}],"about":[{"href":"https:\/\/cdnoticias.com\/index.php\/wp-json\/wp\/v2\/types\/post"}],"author":[{"embeddable":true,"href":"https:\/\/cdnoticias.com\/index.php\/wp-json\/wp\/v2\/users\/2"}],"replies":[{"embeddable":true,"href":"https:\/\/cdnoticias.com\/index.php\/wp-json\/wp\/v2\/comments?post=44274"}],"version-history":[{"count":0,"href":"https:\/\/cdnoticias.com\/index.php\/wp-json\/wp\/v2\/posts\/44274\/revisions"}],"wp:featuredmedia":[{"embeddable":true,"href":"https:\/\/cdnoticias.com\/index.php\/wp-json\/wp\/v2\/media\/3532"}],"wp:attachment":[{"href":"https:\/\/cdnoticias.com\/index.php\/wp-json\/wp\/v2\/media?parent=44274"}],"wp:term":[{"taxonomy":"category","embeddable":true,"href":"https:\/\/cdnoticias.com\/index.php\/wp-json\/wp\/v2\/categories?post=44274"},{"taxonomy":"post_tag","embeddable":true,"href":"https:\/\/cdnoticias.com\/index.php\/wp-json\/wp\/v2\/tags?post=44274"}],"curies":[{"name":"wp","href":"https:\/\/api.w.org\/{rel}","templated":true}]}}