{"id":44264,"date":"2022-01-19T08:42:05","date_gmt":"2022-01-19T11:42:05","guid":{"rendered":"https:\/\/www.centraldenoticias.com.ar\/?p=44264"},"modified":"2022-01-19T10:13:14","modified_gmt":"2022-01-19T13:13:14","slug":"se-amplia-la-vacunacion-libre-con-dosis-de-refuerzo-en-la-provincia","status":"publish","type":"post","link":"https:\/\/cdnoticias.com\/index.php\/2022\/01\/19\/se-amplia-la-vacunacion-libre-con-dosis-de-refuerzo-en-la-provincia\/","title":{"rendered":"Se ampl\u00eda la vacunaci\u00f3n libre con dosis de refuerzo en la Provincia"},"content":{"rendered":"<p>Kicillof anunci\u00f3 que est\u00e1n incluidos el personal de seguridad y personas gestantes o en periodo de lactancia. Adem\u00e1s, el ministro Kreplak dio detalles sobre la situaci\u00f3n epidemiol\u00f3gica.<!--more--><\/p>\n<hr \/>\n<p><strong>Desde este mi\u00e9rcoles, \u201cla vacunaci\u00f3n libre con dosis de refuerzo alcanzar\u00e1 tambi\u00e9n a los trabajadores de la seguridad, las personas gestantes y quienes se encuentran en periodo de lactancia<\/strong>, siempre que hayan completado sus esquemas primarios hace al menos cuatro meses\u201d, anunci\u00f3 el <strong>gobernador de la provincia de Buenos Aires, Axel Kicillof<\/strong>. Fue durante una conferencia de prensa realizada en el municipio de Monte Hermoso, junto <em>a los ministros de Producci\u00f3n, Ciencia e Innovaci\u00f3n Tecnol\u00f3gica, Augusto Costa; y de Salud, Nicol\u00e1s Kreplak; y el intendente local, Marcos Fern\u00e1ndez<\/em>.<\/p>\n<p>&nbsp;<\/p>\n<p>La vacunaci\u00f3n para estos grupos <strong>podr\u00e1 realizarse sin turno en cualquier vacunatorio de la Provincia<\/strong> y, en el caso de las personas gestantes y quienes se encuentran amamantando, no se requerir\u00e1 que la informaci\u00f3n est\u00e9 actualizada en los registros de la plataforma VacunatePBA.\u00a0 <a href=\"https:\/\/cdnoticias.com\/index.php\/2021\/12\/29\/vacunacion-libre-con-tercera-dosis-para-mayores-de-60-anos-trabajadores-de-la-salud-e-inmunodeprimidos\/\" target=\"_blank\" rel=\"noopener\">Desde diciembre<\/a> <strong>la aplicaci\u00f3n libre de la tercera dosis ya est\u00e1 disponible para mayores de 60 a\u00f1os y mayores de 50 que hayan recibido las vacunas de Sinopharm; inmunocomprometidos<\/strong> que hayan sido inoculados con el segundo componente hace al menos un mes; y personal de salud.<\/p>\n<p>&nbsp;<\/p>\n<p>Kicillof destac\u00f3 que \u201chemos hecho un esfuerzo muy grande para <strong>sostener la temporada desde el plano sanitario<\/strong>, fortaleciendo la capacidad de atenci\u00f3n y, sobre todo, promoviendo la vacunaci\u00f3n\u201d.<\/p>\n<p>&nbsp;<\/p>\n<blockquote><p>\u201cEs muy importante que todos est\u00e9n inmunizados, ya que los datos arrojan que los no vacunados tienen 36 veces m\u00e1s posibilidades de cursar la enfermedad de forma grave\u201d, se\u00f1al\u00f3.<\/p><\/blockquote>\n<p>&nbsp;<\/p>\n<p><img data-recalc-dims=\"1\" loading=\"lazy\" decoding=\"async\" class=\"size-full wp-image-44265 aligncenter\" src=\"https:\/\/i0.wp.com\/cdnoticias.com\/wp-content\/uploads\/2022\/01\/kicillof-kreplak-costa.jpg?resize=800%2C445&#038;ssl=1\" alt=\"\" width=\"800\" height=\"445\" srcset=\"https:\/\/i0.wp.com\/cdnoticias.com\/wp-content\/uploads\/2022\/01\/kicillof-kreplak-costa.jpg?w=800&amp;ssl=1 800w, https:\/\/i0.wp.com\/cdnoticias.com\/wp-content\/uploads\/2022\/01\/kicillof-kreplak-costa.jpg?resize=300%2C167&amp;ssl=1 300w, https:\/\/i0.wp.com\/cdnoticias.com\/wp-content\/uploads\/2022\/01\/kicillof-kreplak-costa.jpg?resize=768%2C427&amp;ssl=1 768w\" sizes=\"auto, (max-width: 800px) 100vw, 800px\" \/><\/p>\n<p>&nbsp;<\/p>\n<p><strong>M\u00e1s de 41 mil contagios diarios<\/strong><\/p>\n<p>&nbsp;<\/p>\n<p>Respecto de la situaci\u00f3n epidemiol\u00f3gica, Kreplak inform\u00f3 acerca de este martes que <strong>\u201cse contabilizaron 49.794 casos de Covid-19 en la Provincia, en tanto que el promedio diario semanal supera los 41 mil contagios\u201d<\/strong>.<\/p>\n<p>&nbsp;<\/p>\n<blockquote><p>\u201cGracias a la exitosa campa\u00f1a de vacunaci\u00f3n, hay un desacople con los casos graves: apenas el 48,3% de las camas de terapia intensiva est\u00e1n ocupadas, siendo solamente un 28,2% las que se explican a causa del coronavirus\u201d, detall\u00f3.<\/p><\/blockquote>\n<p>&nbsp;<\/p>\n<p>Hasta el momento, <strong>se aplicaron m\u00e1s de 16,8 millones de vacunas<\/strong>, alcanzando al 90,5% de las y los bonaerenses con la primera dosis; al 78,3% con la segunda; y al 22,4% con el refuerzo.<\/p>\n<p>&nbsp;<\/p>\n<blockquote class=\"twitter-tweet\">\n<p dir=\"ltr\" lang=\"es\">Actualizamos los datos de la campa\u00f1a de vacunaci\u00f3n en <a href=\"https:\/\/twitter.com\/BAProvincia?ref_src=twsrc%5Etfw\">@BAProvincia<\/a><\/p>\n<p>\ud83d\udd39 90,51% de 1ras dosis<br \/>\n\ud83d\udd39 78,29% de 2das dosis<br \/>\n\ud83d\udd39 22,49% de dosis de refuerzo <a href=\"https:\/\/twitter.com\/hashtag\/BuenosAiresVacunate?src=hash&amp;ref_src=twsrc%5Etfw\">#BuenosAiresVacunate<\/a> \ud83d\udc89\u2764\ufe0f<a href=\"https:\/\/twitter.com\/Kicillofok?ref_src=twsrc%5Etfw\">@Kicillofok<\/a> <a href=\"https:\/\/twitter.com\/nkreplak?ref_src=twsrc%5Etfw\">@nkreplak<\/a> <a href=\"https:\/\/t.co\/yoTbhct0e1\">pic.twitter.com\/yoTbhct0e1<\/a><\/p>\n<p>\u2014 SaludBAP (@SaludBAP) <a href=\"https:\/\/twitter.com\/SaludBAP\/status\/1483470771607506948?ref_src=twsrc%5Etfw\">January 18, 2022<\/a><\/p><\/blockquote>\n<p><script async src=\"https:\/\/platform.twitter.com\/widgets.js\" charset=\"utf-8\"><\/script><\/p>\n<p>&nbsp;<\/p>\n<p><strong>Temporada de verano<\/strong><\/p>\n<p>&nbsp;<\/p>\n<p>\u201cGracias a la inversi\u00f3n, el trabajo conjunto y la planificaci\u00f3n, <strong>estamos llevando adelante una temporada hist\u00f3rica<\/strong>, que supera incluso los resultados obtenidos antes de la pandemia\u201d, expres\u00f3 Kicillof y agreg\u00f3: \u201cHemos dispuesto un operativo de seguridad sin precedentes y una bater\u00eda de pol\u00edticas orientadas a crear fondos espec\u00edficos y cr\u00e9dito para apuntalar el turismo\u201d.<\/p>\n<p>&nbsp;<\/p>\n<p>Por su parte, Costa enfatiz\u00f3: \u201cCon los n\u00fameros de la primera quincena de enero finalizada, podemos confirmar que estamos transitando la mejor temporada de los \u00faltimos diez a\u00f1os, ya que <strong>en estos 15 d\u00edas fueron 1.850.000 los turistas que eligieron los destinos de la provincia de Buenos Aires<\/strong>\u201d. \u201cEsto es producto de una Provincia que se prepar\u00f3 y que despleg\u00f3 una serie de pol\u00edticas para acompa\u00f1ar al sector tur\u00edstico y cultural, lo que nos permite volver a posicionarnos como el principal destino tur\u00edstico del pa\u00eds\u201d, a\u00f1adi\u00f3.<\/p>\n<p>&nbsp;<\/p>\n<blockquote class=\"twitter-tweet\">\n<p dir=\"ltr\" lang=\"es\">\u2600\ufe0f Con la primera quincena de enero terminada, podemos confirmar que estamos ante la mejor temporada, en t\u00e9rminos de turistas, de los \u00faltimos 10 a\u00f1os. Se alojaron m\u00e1s de 1.850.000 personas, un 56% m\u00e1s que el a\u00f1o pasado.<\/p>\n<p>Y desde navidad ya nos visitaron 3.736.589 turistas\ud83d\ude4c\ud83c\udffd <a href=\"https:\/\/t.co\/WYoNKLaJws\">pic.twitter.com\/WYoNKLaJws<\/a><\/p>\n<p>\u2014 Gobierno PBA (@BAProvincia) <a href=\"https:\/\/twitter.com\/BAProvincia\/status\/1483592539424935938?ref_src=twsrc%5Etfw\">January 19, 2022<\/a><\/p><\/blockquote>\n<p><script async src=\"https:\/\/platform.twitter.com\/widgets.js\" charset=\"utf-8\"><\/script><\/p>\n<p>&nbsp;<\/p>\n<p>E<strong>l intendente Fern\u00e1ndez resalt\u00f3 la jornada de trabajo junto a representantes de sectores productivos locales<\/strong> \u201cen la que qued\u00f3 claro el esfuerzo que ha hecho la Provincia para alcanzar esta temporada de verano\u201d. \u201cEstamos sumamente felices por cosechar los frutos de este trabajo que no fue una casualidad, sino que es producto de la articulaci\u00f3n entre Naci\u00f3n, Provincia y municipios para que todos podamos estar disfrutando de esta temporada\u201d, agreg\u00f3.<\/p>\n<p>&nbsp;<\/p>\n<p>Por \u00faltimo, Kicillof apunt\u00f3 a que \u201c<strong>la provincia de Buenos Aires est\u00e1 atravesando una temporada hist\u00f3rica<\/strong>, producto de la planificaci\u00f3n y la inversi\u00f3n en materia de salud, seguridad y cultura\u201d.<\/p>\n<p>&nbsp;<\/p>\n<p>\u201cVamos a seguir apuntalando los cuidados y la vacunaci\u00f3n porque el <strong>turismo es esparcimiento y tranquilidad, pero tambi\u00e9n producci\u00f3n y trabajo<\/strong> para los y las bonaerenses\u201d, concluy\u00f3.<\/p>\n","protected":false},"excerpt":{"rendered":"<p>Kicillof anunci\u00f3 que est\u00e1n incluidos el personal de seguridad y personas gestantes o en periodo de lactancia. Adem\u00e1s, el ministro<\/p>\n","protected":false},"author":4,"featured_media":44266,"comment_status":"closed","ping_status":"closed","sticky":false,"template":"","format":"standard","meta":{"_jetpack_memberships_contains_paid_content":false,"footnotes":""},"categories":[6,1],"tags":[],"class_list":["post-44264","post","type-post","status-publish","format-standard","has-post-thumbnail","hentry","category-nacionales","category-portada"],"jetpack_featured_media_url":"https:\/\/i0.wp.com\/cdnoticias.com\/wp-content\/uploads\/2022\/01\/kicillof-kreplak.jpg?fit=800%2C445&ssl=1","jetpack_sharing_enabled":true,"_links":{"self":[{"href":"https:\/\/cdnoticias.com\/index.php\/wp-json\/wp\/v2\/posts\/44264","targetHints":{"allow":["GET"]}}],"collection":[{"href":"https:\/\/cdnoticias.com\/index.php\/wp-json\/wp\/v2\/posts"}],"about":[{"href":"https:\/\/cdnoticias.com\/index.php\/wp-json\/wp\/v2\/types\/post"}],"author":[{"embeddable":true,"href":"https:\/\/cdnoticias.com\/index.php\/wp-json\/wp\/v2\/users\/4"}],"replies":[{"embeddable":true,"href":"https:\/\/cdnoticias.com\/index.php\/wp-json\/wp\/v2\/comments?post=44264"}],"version-history":[{"count":0,"href":"https:\/\/cdnoticias.com\/index.php\/wp-json\/wp\/v2\/posts\/44264\/revisions"}],"wp:featuredmedia":[{"embeddable":true,"href":"https:\/\/cdnoticias.com\/index.php\/wp-json\/wp\/v2\/media\/44266"}],"wp:attachment":[{"href":"https:\/\/cdnoticias.com\/index.php\/wp-json\/wp\/v2\/media?parent=44264"}],"wp:term":[{"taxonomy":"category","embeddable":true,"href":"https:\/\/cdnoticias.com\/index.php\/wp-json\/wp\/v2\/categories?post=44264"},{"taxonomy":"post_tag","embeddable":true,"href":"https:\/\/cdnoticias.com\/index.php\/wp-json\/wp\/v2\/tags?post=44264"}],"curies":[{"name":"wp","href":"https:\/\/api.w.org\/{rel}","templated":true}]}}