{"id":44219,"date":"2022-01-19T08:48:47","date_gmt":"2022-01-19T11:48:47","guid":{"rendered":"https:\/\/www.centraldenoticias.com.ar\/?p=44219"},"modified":"2022-01-19T08:48:47","modified_gmt":"2022-01-19T11:48:47","slug":"nueva-mejora-en-las-veredas-del-barrio-ceco","status":"publish","type":"post","link":"https:\/\/cdnoticias.com\/index.php\/2022\/01\/19\/nueva-mejora-en-las-veredas-del-barrio-ceco\/","title":{"rendered":"Nueva mejora en las veredas del barrio CECO"},"content":{"rendered":"<p>Lo anunci\u00f3 el intendente Ezequiel Galli en una recorrida por el sector donde dialog\u00f3 con los vecinos.<!--more--><\/p>\n<hr \/>\n<p><strong>El intendente Ezequiel Galli visit\u00f3 uno de los centros comerciales del barrio CECO<\/strong>, junto al secretario de Mantenimiento y Obras P\u00fablicas Julio Ferraro, para anunciar que <strong>se llevar\u00e1 adelante una ampliaci\u00f3n de obra de construcci\u00f3n de veredas<\/strong>.<\/p>\n<p>&nbsp;<\/p>\n<p>Fue este mi\u00e9rcoles durante la recorrida por el barrio. <strong>Galli dialog\u00f3 con comerciantes del sector, quienes le manifestaron su satisfacci\u00f3n por esta nueva etapa de obra<\/strong>.<\/p>\n<p>&nbsp;<\/p>\n<p><img data-recalc-dims=\"1\" loading=\"lazy\" decoding=\"async\" class=\"size-large wp-image-44221 aligncenter\" src=\"https:\/\/i0.wp.com\/cdnoticias.com\/wp-content\/uploads\/2022\/01\/Obras-Veredas-Barrio-Ceco-1-scaled-1.jpg?resize=800%2C534&#038;ssl=1\" alt=\"\" width=\"800\" height=\"534\" srcset=\"https:\/\/i0.wp.com\/cdnoticias.com\/wp-content\/uploads\/2022\/01\/Obras-Veredas-Barrio-Ceco-1-scaled-1.jpg?resize=1024%2C684&amp;ssl=1 1024w, https:\/\/i0.wp.com\/cdnoticias.com\/wp-content\/uploads\/2022\/01\/Obras-Veredas-Barrio-Ceco-1-scaled-1.jpg?resize=300%2C201&amp;ssl=1 300w, https:\/\/i0.wp.com\/cdnoticias.com\/wp-content\/uploads\/2022\/01\/Obras-Veredas-Barrio-Ceco-1-scaled-1.jpg?resize=768%2C513&amp;ssl=1 768w, https:\/\/i0.wp.com\/cdnoticias.com\/wp-content\/uploads\/2022\/01\/Obras-Veredas-Barrio-Ceco-1-scaled-1.jpg?resize=1536%2C1027&amp;ssl=1 1536w, https:\/\/i0.wp.com\/cdnoticias.com\/wp-content\/uploads\/2022\/01\/Obras-Veredas-Barrio-Ceco-1-scaled-1.jpg?resize=2048%2C1369&amp;ssl=1 2048w, https:\/\/i0.wp.com\/cdnoticias.com\/wp-content\/uploads\/2022\/01\/Obras-Veredas-Barrio-Ceco-1-scaled-1.jpg?resize=272%2C182&amp;ssl=1 272w, https:\/\/i0.wp.com\/cdnoticias.com\/wp-content\/uploads\/2022\/01\/Obras-Veredas-Barrio-Ceco-1-scaled-1.jpg?w=1600&amp;ssl=1 1600w, https:\/\/i0.wp.com\/cdnoticias.com\/wp-content\/uploads\/2022\/01\/Obras-Veredas-Barrio-Ceco-1-scaled-1.jpg?w=2400&amp;ssl=1 2400w\" sizes=\"auto, (max-width: 800px) 100vw, 800px\" \/><\/p>\n<p>&nbsp;<\/p>\n<p>Cabe recordar que <a href=\"https:\/\/cdnoticias.com\/index.php\/2021\/10\/19\/galli-inauguro-los-arreglos-sobre-un-sector-comercial-del-barrio-ceco\/\" target=\"_blank\" rel=\"noopener\">en el mes de octubre de 2021 se llev\u00f3 a cabo la inauguraci\u00f3n de una primera etapa<\/a>, que signific\u00f3 <strong>un cambio notable, desde el punto de vista de accesibilidad<\/strong>, en el marco de las pol\u00edticas de mejoramiento de diferentes espacios p\u00fablicos de la ciudad.<\/p>\n<p>&nbsp;<\/p>\n<blockquote><p>Al respecto, Ezequiel Galli dijo \u201cesta obra fue producto de haber venido en tantas oportunidades al barrio y escuchar a los vecinos que nos ped\u00edan que las veredas de los centros comerciales ya no se pod\u00edan transitar\u201d.<\/p><\/blockquote>\n<p>&nbsp;<\/p>\n<p><img data-recalc-dims=\"1\" loading=\"lazy\" decoding=\"async\" class=\"size-large wp-image-44220 aligncenter\" src=\"https:\/\/i0.wp.com\/cdnoticias.com\/wp-content\/uploads\/2022\/01\/Obras-Veredas-Barrio-Ceco-3-scaled-1.jpg?resize=800%2C534&#038;ssl=1\" alt=\"\" width=\"800\" height=\"534\" srcset=\"https:\/\/i0.wp.com\/cdnoticias.com\/wp-content\/uploads\/2022\/01\/Obras-Veredas-Barrio-Ceco-3-scaled-1.jpg?resize=1024%2C684&amp;ssl=1 1024w, https:\/\/i0.wp.com\/cdnoticias.com\/wp-content\/uploads\/2022\/01\/Obras-Veredas-Barrio-Ceco-3-scaled-1.jpg?resize=300%2C201&amp;ssl=1 300w, https:\/\/i0.wp.com\/cdnoticias.com\/wp-content\/uploads\/2022\/01\/Obras-Veredas-Barrio-Ceco-3-scaled-1.jpg?resize=768%2C513&amp;ssl=1 768w, https:\/\/i0.wp.com\/cdnoticias.com\/wp-content\/uploads\/2022\/01\/Obras-Veredas-Barrio-Ceco-3-scaled-1.jpg?resize=1536%2C1027&amp;ssl=1 1536w, https:\/\/i0.wp.com\/cdnoticias.com\/wp-content\/uploads\/2022\/01\/Obras-Veredas-Barrio-Ceco-3-scaled-1.jpg?resize=2048%2C1369&amp;ssl=1 2048w, https:\/\/i0.wp.com\/cdnoticias.com\/wp-content\/uploads\/2022\/01\/Obras-Veredas-Barrio-Ceco-3-scaled-1.jpg?resize=272%2C182&amp;ssl=1 272w, https:\/\/i0.wp.com\/cdnoticias.com\/wp-content\/uploads\/2022\/01\/Obras-Veredas-Barrio-Ceco-3-scaled-1.jpg?w=1600&amp;ssl=1 1600w, https:\/\/i0.wp.com\/cdnoticias.com\/wp-content\/uploads\/2022\/01\/Obras-Veredas-Barrio-Ceco-3-scaled-1.jpg?w=2400&amp;ssl=1 2400w\" sizes=\"auto, (max-width: 800px) 100vw, 800px\" \/><\/p>\n<p>&nbsp;<\/p>\n<p>Particularmente <strong>este nuevo dise\u00f1o de veredas<\/strong> permite mejorar las condiciones de circulaci\u00f3n para quienes concurren a diario a realizar diferentes compras, tr\u00e1mites y servicios, debido a la comodidad, rapidez y gran cantidad de ofertas de los emprendimientos y locales comerciales que se radican en el sector.<\/p>\n<p>&nbsp;<\/p>\n<p>Esta ampliaci\u00f3n forma parte de una nueva etapa de obra y de un compromiso de la gesti\u00f3n del intendente Ezequiel Galli para <strong>que los vecinos del barrio CECO tengan las mejores condiciones de infraestructura<\/strong>.<\/p>\n","protected":false},"excerpt":{"rendered":"<p>Lo anunci\u00f3 el intendente Ezequiel Galli en una recorrida por el sector donde dialog\u00f3 con los vecinos.<\/p>\n","protected":false},"author":4,"featured_media":44222,"comment_status":"closed","ping_status":"closed","sticky":false,"template":"","format":"standard","meta":{"_jetpack_memberships_contains_paid_content":false,"footnotes":""},"categories":[5,1],"tags":[],"class_list":["post-44219","post","type-post","status-publish","format-standard","has-post-thumbnail","hentry","category-informacion-general","category-portada"],"jetpack_featured_media_url":"https:\/\/i0.wp.com\/cdnoticias.com\/wp-content\/uploads\/2022\/01\/Obras-Veredas-Barrio-Ceco-2-scaled-1.jpg?fit=2560%2C1711&ssl=1","jetpack_sharing_enabled":true,"_links":{"self":[{"href":"https:\/\/cdnoticias.com\/index.php\/wp-json\/wp\/v2\/posts\/44219","targetHints":{"allow":["GET"]}}],"collection":[{"href":"https:\/\/cdnoticias.com\/index.php\/wp-json\/wp\/v2\/posts"}],"about":[{"href":"https:\/\/cdnoticias.com\/index.php\/wp-json\/wp\/v2\/types\/post"}],"author":[{"embeddable":true,"href":"https:\/\/cdnoticias.com\/index.php\/wp-json\/wp\/v2\/users\/4"}],"replies":[{"embeddable":true,"href":"https:\/\/cdnoticias.com\/index.php\/wp-json\/wp\/v2\/comments?post=44219"}],"version-history":[{"count":0,"href":"https:\/\/cdnoticias.com\/index.php\/wp-json\/wp\/v2\/posts\/44219\/revisions"}],"wp:featuredmedia":[{"embeddable":true,"href":"https:\/\/cdnoticias.com\/index.php\/wp-json\/wp\/v2\/media\/44222"}],"wp:attachment":[{"href":"https:\/\/cdnoticias.com\/index.php\/wp-json\/wp\/v2\/media?parent=44219"}],"wp:term":[{"taxonomy":"category","embeddable":true,"href":"https:\/\/cdnoticias.com\/index.php\/wp-json\/wp\/v2\/categories?post=44219"},{"taxonomy":"post_tag","embeddable":true,"href":"https:\/\/cdnoticias.com\/index.php\/wp-json\/wp\/v2\/tags?post=44219"}],"curies":[{"name":"wp","href":"https:\/\/api.w.org\/{rel}","templated":true}]}}