{"id":44204,"date":"2022-01-18T10:56:44","date_gmt":"2022-01-18T13:56:44","guid":{"rendered":"https:\/\/www.centraldenoticias.com.ar\/?p=44204"},"modified":"2022-01-18T10:58:08","modified_gmt":"2022-01-18T13:58:08","slug":"camuzzi-gas-pampeana-pretende-una-suba-de-79-en-las-tarifas","status":"publish","type":"post","link":"https:\/\/cdnoticias.com\/index.php\/2022\/01\/18\/camuzzi-gas-pampeana-pretende-una-suba-de-79-en-las-tarifas\/","title":{"rendered":"Camuzzi Gas Pampeana pretende una suba de 79% en las tarifas"},"content":{"rendered":"<p>Es el pedido que la prestataria elev\u00f3 al Enargas para tratar en la audiencia p\u00fablica del mi\u00e9rcoles. Busca que la aplicaci\u00f3n rija desde el 1\u00ba de marzo.<!--more--><\/p>\n<hr \/>\n<p><strong>La empresa Camuzzi es considerada la mayor distribuidora de gas natural de la Argentina en t\u00e9rminos de volumen<\/strong>, debido a que cubre el 45% de la superficie del pa\u00eds en dos regiones contiguas desde la Patagonia a Buenos Aires. Lo hace a trav\u00e9s de dos concesionarias: Camuzzi Gas Pampeana y Camuzzi Gas del Sur.<\/p>\n<p>&nbsp;<\/p>\n<p>En ese sentido, <a href=\"https:\/\/cdnoticias.com\/index.php\/2022\/01\/18\/este-miercoles-audiencia-publica-por-la-actualizacion-de-tarifas-del-gas\/\" target=\"_blank\" rel=\"noopener\">de cara a la <strong>audiencia p\u00fablica del mi\u00e9rcoles<\/strong> para analizar subas tarifarias<\/a>, present\u00f3 dos informes: <strong>para la regi\u00f3n pampeana, que incluye a Olavarr\u00eda, solicit\u00f3 aumento de 79%<\/strong> y para la regi\u00f3n patag\u00f3nica, de 119%.<\/p>\n<p>&nbsp;<\/p>\n<p><img data-recalc-dims=\"1\" loading=\"lazy\" decoding=\"async\" class=\"size-full wp-image-20520 aligncenter\" src=\"https:\/\/i0.wp.com\/cdnoticias.com\/wp-content\/uploads\/2021\/05\/camuzzi-02.jpg?resize=800%2C445&#038;ssl=1\" alt=\"\" width=\"800\" height=\"445\" srcset=\"https:\/\/i0.wp.com\/cdnoticias.com\/wp-content\/uploads\/2021\/05\/camuzzi-02.jpg?w=800&amp;ssl=1 800w, https:\/\/i0.wp.com\/cdnoticias.com\/wp-content\/uploads\/2021\/05\/camuzzi-02.jpg?resize=300%2C167&amp;ssl=1 300w, https:\/\/i0.wp.com\/cdnoticias.com\/wp-content\/uploads\/2021\/05\/camuzzi-02.jpg?resize=768%2C427&amp;ssl=1 768w\" sizes=\"auto, (max-width: 800px) 100vw, 800px\" \/><\/p>\n<p>&nbsp;<\/p>\n<p><strong>La suba pedida<\/strong><\/p>\n<p>&nbsp;<\/p>\n<p>Camuzzi bas\u00f3 su c\u00e1lculo de aumento en el \u00edndice de precios internos al por mayor (IPIM) de febrero de 2019 a febrero de 2022, de lo cual estableci\u00f3 un incremento de 240% sobre el que descont\u00f3 el ajuste de precio que se aplic\u00f3 en junio del a\u00f1o pasado con lo que <strong>la variaci\u00f3n de precio estimada lleg\u00f3 a 166%<\/strong>. <strong>La empresa pidi\u00f3 adem\u00e1s la aplicaci\u00f3n inmediata de la suba<\/strong>: desde el 1\u00ba de marzo.<\/p>\n<p>&nbsp;<\/p>\n<p>En cuanto a los <strong>cuadros tarifarios<\/strong>, se presentaron dos alternativas de implementaci\u00f3n. En la primera, <strong>no contempla diferencias entre cargos fijos y cargos variables ni entre categor\u00edas de usuarios: el porcentaje de incremento de 79%<\/strong> propuesto se aplica por igual.<\/p>\n<p>&nbsp;<\/p>\n<p>A modo de ejemplo, adem\u00e1s se present\u00f3 un modelo de impacto en las facturas de usuarios residenciales, pyme, estaciones de GNC e industria.<\/p>\n<p>&nbsp;<\/p>\n<p><img data-recalc-dims=\"1\" loading=\"lazy\" decoding=\"async\" class=\"size-full wp-image-44206 aligncenter\" src=\"https:\/\/i0.wp.com\/cdnoticias.com\/wp-content\/uploads\/2022\/01\/gas-camuzzi-prop-1.jpg?resize=696%2C576&#038;ssl=1\" alt=\"\" width=\"696\" height=\"576\" srcset=\"https:\/\/i0.wp.com\/cdnoticias.com\/wp-content\/uploads\/2022\/01\/gas-camuzzi-prop-1.jpg?w=696&amp;ssl=1 696w, https:\/\/i0.wp.com\/cdnoticias.com\/wp-content\/uploads\/2022\/01\/gas-camuzzi-prop-1.jpg?resize=300%2C248&amp;ssl=1 300w\" sizes=\"auto, (max-width: 696px) 100vw, 696px\" \/><\/p>\n<p>&nbsp;<\/p>\n<p>En la segunda alternativa, <strong>se contemplan diferencias entre cargos fijos y variables por categor\u00eda de usuario. Las subas se ubican entre 35% y 166%, que en promedio suman el 79%<\/strong>. Igualmente, tambi\u00e9n se present\u00f3 un modelo de impacto en las facturas.<\/p>\n<p>&nbsp;<\/p>\n<p><img data-recalc-dims=\"1\" loading=\"lazy\" decoding=\"async\" class=\"size-full wp-image-44207 aligncenter\" src=\"https:\/\/i0.wp.com\/cdnoticias.com\/wp-content\/uploads\/2022\/01\/gas-camuzzi-prop-2.jpg?resize=726%2C597&#038;ssl=1\" alt=\"\" width=\"726\" height=\"597\" srcset=\"https:\/\/i0.wp.com\/cdnoticias.com\/wp-content\/uploads\/2022\/01\/gas-camuzzi-prop-2.jpg?w=726&amp;ssl=1 726w, https:\/\/i0.wp.com\/cdnoticias.com\/wp-content\/uploads\/2022\/01\/gas-camuzzi-prop-2.jpg?resize=300%2C247&amp;ssl=1 300w\" sizes=\"auto, (max-width: 726px) 100vw, 726px\" \/><\/p>\n<p>&nbsp;<\/p>\n<p>Esta solicitud, junto a las de las dem\u00e1s prestadoras ser\u00e1n analizados este mi\u00e9rcoles en la audiencia p\u00fablica convocada por el Enargas que comenzar\u00e1 a las 9.<\/p>\n","protected":false},"excerpt":{"rendered":"<p>Es el pedido que la prestataria elev\u00f3 al Enargas para tratar en la audiencia p\u00fablica del mi\u00e9rcoles. Busca que la<\/p>\n","protected":false},"author":4,"featured_media":20518,"comment_status":"closed","ping_status":"closed","sticky":false,"template":"","format":"standard","meta":{"_jetpack_memberships_contains_paid_content":false,"footnotes":""},"categories":[6,1],"tags":[],"class_list":["post-44204","post","type-post","status-publish","format-standard","has-post-thumbnail","hentry","category-nacionales","category-portada"],"jetpack_featured_media_url":"https:\/\/i0.wp.com\/cdnoticias.com\/wp-content\/uploads\/2021\/05\/camuzzi-00.jpg?fit=800%2C445&ssl=1","jetpack_sharing_enabled":true,"_links":{"self":[{"href":"https:\/\/cdnoticias.com\/index.php\/wp-json\/wp\/v2\/posts\/44204","targetHints":{"allow":["GET"]}}],"collection":[{"href":"https:\/\/cdnoticias.com\/index.php\/wp-json\/wp\/v2\/posts"}],"about":[{"href":"https:\/\/cdnoticias.com\/index.php\/wp-json\/wp\/v2\/types\/post"}],"author":[{"embeddable":true,"href":"https:\/\/cdnoticias.com\/index.php\/wp-json\/wp\/v2\/users\/4"}],"replies":[{"embeddable":true,"href":"https:\/\/cdnoticias.com\/index.php\/wp-json\/wp\/v2\/comments?post=44204"}],"version-history":[{"count":0,"href":"https:\/\/cdnoticias.com\/index.php\/wp-json\/wp\/v2\/posts\/44204\/revisions"}],"wp:featuredmedia":[{"embeddable":true,"href":"https:\/\/cdnoticias.com\/index.php\/wp-json\/wp\/v2\/media\/20518"}],"wp:attachment":[{"href":"https:\/\/cdnoticias.com\/index.php\/wp-json\/wp\/v2\/media?parent=44204"}],"wp:term":[{"taxonomy":"category","embeddable":true,"href":"https:\/\/cdnoticias.com\/index.php\/wp-json\/wp\/v2\/categories?post=44204"},{"taxonomy":"post_tag","embeddable":true,"href":"https:\/\/cdnoticias.com\/index.php\/wp-json\/wp\/v2\/tags?post=44204"}],"curies":[{"name":"wp","href":"https:\/\/api.w.org\/{rel}","templated":true}]}}