{"id":44202,"date":"2022-01-18T10:13:50","date_gmt":"2022-01-18T13:13:50","guid":{"rendered":"https:\/\/www.centraldenoticias.com.ar\/?p=44202"},"modified":"2022-01-18T12:57:20","modified_gmt":"2022-01-18T15:57:20","slug":"confirman-una-suba-en-las-tasas-municipales-del-20","status":"publish","type":"post","link":"https:\/\/cdnoticias.com\/index.php\/2022\/01\/18\/confirman-una-suba-en-las-tasas-municipales-del-20\/","title":{"rendered":"Confirman una suba en las Tasas municipales del 20%"},"content":{"rendered":"<p>Es en relaci\u00f3n al \u00edndice inflacionario semestral confirmado por el INDEC. Habr\u00e1 un retroactivo de enero. El mantenimiento semestral de Loma de Paz tendr\u00e1 una suba del 50%. <!--more--><\/p>\n<hr \/>\n<p>Este martes,<strong> la Secretar\u00eda de Econom\u00eda y Hacienda del Municipio confirm\u00f3 que las Tasas tuvieron una suba promedio del 20%, basados en el \u00edndice inflacionario semestral informado por el INDEC.<\/strong> Adem\u00e1s, el mantenimiento semestral de Loma de Paz tuvo una suba del 50%, y se ver\u00e1 reflejado en las facturas que llegar\u00e1n en febrero.<\/p>\n<p>&nbsp;<\/p>\n<p><em>\u201cEl mes de febrero incluye los nuevos valores determinados por <strong>Decreto 106 de fecha 17 de enero de 2022, con un incremento respecto de los valores anteriores del 20%<\/strong>, de acuerdo a la potestad que surge del art\u00edculo 23 de la Ordenanza Fiscal N\u00ba 2.460\/99 y sus modificatorias, receptando el \u00edndice inflacionario IPC nivel general publicado por el INDEC por el semestre julio a diciembre de 2021\u201d<\/em> indicaron desde el \u00e1rea de prensa comunal.<\/p>\n<p>&nbsp;<\/p>\n<p>Cabe se\u00f1alar que<strong> la suba rige desde el 1 de enero, por lo que febrero tendr\u00e1 un \u201cretroactivo por \u00fanica vez\u201d correspondiente al mes de enero de 2022<\/strong> que corresponde al diferencial entre los nuevos valores y el liquidado para dicho mes oportunamente.<\/p>\n<p>&nbsp;<\/p>\n<blockquote><p>El incremento del 20% rige para otros tributos y tasas municipales tales como la tasa de servicios generales rurales, la tasa de seguridad e higiene, entre otras.<\/p><\/blockquote>\n<p>&nbsp;<\/p>\n<p>Por otra parte, <strong>el servicio de mantenimiento semestral del Cementerio Loma de Paz, que tambi\u00e9n vence en febrero, incluye un incremento del 50% respecto de los valores del a\u00f1o anterior<\/strong> \u201cen funci\u00f3n a las facultades conferidas al Ejecutivo en el art\u00edculo 20 inc. p) de la Ordenanza Impositiva 2.461\/99 y sus modificatorias\u201d.<\/p>\n<p>&nbsp;<\/p>\n<p>Por \u00faltimo, se inform\u00f3 que<strong> los derechos de oficina, relacionados con toda actuaci\u00f3n, tr\u00e1mite o gesti\u00f3n que genere la prestaci\u00f3n de un servicio administrativo o t\u00e9cnico por parte del Municipio y calculados en funci\u00f3n de la variaci\u00f3n del salario conformado de un empleado de la administraci\u00f3n p\u00fablica municipal Categor\u00eda 1, de 30 horas semanales, se incrementan en un 50%.<\/strong> Tal actualizaci\u00f3n est\u00e1 prevista en la Ordenanza N\u00ba 3638\/13 y los conceptos son los establecidos en los art\u00edculos 8, 9 y 10 de la Ordenanza Impositiva N\u00b0 2461\/99 y modificatorias.<\/p>\n","protected":false},"excerpt":{"rendered":"<p>Es en relaci\u00f3n al \u00edndice inflacionario semestral confirmado por el INDEC. Habr\u00e1 un retroactivo de enero. El mantenimiento semestral de<\/p>\n","protected":false},"author":2,"featured_media":34119,"comment_status":"closed","ping_status":"closed","sticky":false,"template":"","format":"standard","meta":{"_jetpack_memberships_contains_paid_content":false,"footnotes":""},"categories":[5,1],"tags":[],"class_list":["post-44202","post","type-post","status-publish","format-standard","has-post-thumbnail","hentry","category-informacion-general","category-portada"],"jetpack_featured_media_url":"https:\/\/i0.wp.com\/cdnoticias.com\/wp-content\/uploads\/2021\/09\/palacio-san-martin-olavarria.jpg?fit=1600%2C1200&ssl=1","jetpack_sharing_enabled":true,"_links":{"self":[{"href":"https:\/\/cdnoticias.com\/index.php\/wp-json\/wp\/v2\/posts\/44202","targetHints":{"allow":["GET"]}}],"collection":[{"href":"https:\/\/cdnoticias.com\/index.php\/wp-json\/wp\/v2\/posts"}],"about":[{"href":"https:\/\/cdnoticias.com\/index.php\/wp-json\/wp\/v2\/types\/post"}],"author":[{"embeddable":true,"href":"https:\/\/cdnoticias.com\/index.php\/wp-json\/wp\/v2\/users\/2"}],"replies":[{"embeddable":true,"href":"https:\/\/cdnoticias.com\/index.php\/wp-json\/wp\/v2\/comments?post=44202"}],"version-history":[{"count":0,"href":"https:\/\/cdnoticias.com\/index.php\/wp-json\/wp\/v2\/posts\/44202\/revisions"}],"wp:featuredmedia":[{"embeddable":true,"href":"https:\/\/cdnoticias.com\/index.php\/wp-json\/wp\/v2\/media\/34119"}],"wp:attachment":[{"href":"https:\/\/cdnoticias.com\/index.php\/wp-json\/wp\/v2\/media?parent=44202"}],"wp:term":[{"taxonomy":"category","embeddable":true,"href":"https:\/\/cdnoticias.com\/index.php\/wp-json\/wp\/v2\/categories?post=44202"},{"taxonomy":"post_tag","embeddable":true,"href":"https:\/\/cdnoticias.com\/index.php\/wp-json\/wp\/v2\/tags?post=44202"}],"curies":[{"name":"wp","href":"https:\/\/api.w.org\/{rel}","templated":true}]}}