{"id":44149,"date":"2022-01-17T14:17:32","date_gmt":"2022-01-17T17:17:32","guid":{"rendered":"https:\/\/www.centraldenoticias.com.ar\/?p=44149"},"modified":"2022-01-17T16:11:47","modified_gmt":"2022-01-17T19:11:47","slug":"movilizacion-el-municipio-se-comprometio-a-rever-la-situacion-de-los-feriantes-del-mte","status":"publish","type":"post","link":"https:\/\/cdnoticias.com\/index.php\/2022\/01\/17\/movilizacion-el-municipio-se-comprometio-a-rever-la-situacion-de-los-feriantes-del-mte\/","title":{"rendered":"Movilizaci\u00f3n: el Municipio se comprometi\u00f3 a \u201crever\u201d la situaci\u00f3n de los feriantes del MTE"},"content":{"rendered":"<p>El secretario de Gobierno Hilario Galli se comprometi\u00f3 a comenzar a trabajar en conjunto desde el Municipio para que los feriantes puedan trabajar \u201ccon ciertas pautas\u201d. <!--more--><\/p>\n<hr \/>\n<p>Tras la<a href=\"https:\/\/cdnoticias.com\/index.php\/2022\/01\/17\/el-mte-se-movilizo-en-el-juzgado-de-faltas-y-traslado-el-reclamo-al-municipio\/\" target=\"_blank\" rel=\"noopener\"> movilizaci\u00f3n de todas las ramas del MTE en reclamo de feriantes de la agrupaci\u00f3n infraccionadas por parte de Control Urbano<\/a>, <strong>el Municipio recibi\u00f3 a los manifestantes y se comprometi\u00f3 a trabajar para que puedan trabajar \u201ccon ciertas pautas\u201d y \u201crever\u201d las infracciones realizadas en noviembre.<\/strong><\/p>\n<p>&nbsp;<\/p>\n<p>Por parte del Municipio particip\u00f3 el secretario de Gobierno,<strong> Hilario Galli (dado que Diego Robbiani, encargado del \u00e1rea correspondiente, se encuentra de vacaciones) mientras que hubo presencia de varios integrantes del MTE, encabezados por Emiliano Llorente.<\/strong><\/p>\n<p>&nbsp;<\/p>\n<p><img data-recalc-dims=\"1\" loading=\"lazy\" decoding=\"async\" class=\"alignnone size-large wp-image-44146\" src=\"https:\/\/i0.wp.com\/cdnoticias.com\/wp-content\/uploads\/2022\/01\/marcha-MTE7.jpg?resize=800%2C445&#038;ssl=1\" alt=\"\" width=\"800\" height=\"445\" srcset=\"https:\/\/i0.wp.com\/cdnoticias.com\/wp-content\/uploads\/2022\/01\/marcha-MTE7-scaled.jpg?resize=1024%2C570&amp;ssl=1 1024w, https:\/\/i0.wp.com\/cdnoticias.com\/wp-content\/uploads\/2022\/01\/marcha-MTE7-scaled.jpg?resize=300%2C167&amp;ssl=1 300w, https:\/\/i0.wp.com\/cdnoticias.com\/wp-content\/uploads\/2022\/01\/marcha-MTE7-scaled.jpg?resize=768%2C427&amp;ssl=1 768w, https:\/\/i0.wp.com\/cdnoticias.com\/wp-content\/uploads\/2022\/01\/marcha-MTE7-scaled.jpg?resize=1536%2C855&amp;ssl=1 1536w, https:\/\/i0.wp.com\/cdnoticias.com\/wp-content\/uploads\/2022\/01\/marcha-MTE7-scaled.jpg?resize=2048%2C1140&amp;ssl=1 2048w, https:\/\/i0.wp.com\/cdnoticias.com\/wp-content\/uploads\/2022\/01\/marcha-MTE7-scaled.jpg?resize=800%2C445&amp;ssl=1 800w, https:\/\/i0.wp.com\/cdnoticias.com\/wp-content\/uploads\/2022\/01\/marcha-MTE7-scaled.jpg?w=1600&amp;ssl=1 1600w, https:\/\/i0.wp.com\/cdnoticias.com\/wp-content\/uploads\/2022\/01\/marcha-MTE7-scaled.jpg?w=2400&amp;ssl=1 2400w\" sizes=\"auto, (max-width: 800px) 100vw, 800px\" \/><\/p>\n<p>&nbsp;<\/p>\n<p>All\u00ed hubo una charla en la que se describi\u00f3 la situaci\u00f3n que deriv\u00f3 en el reclamo, y en ese sentido desde el Municipio hubo un compromiso<em> \u201cseguir hablando para poder trabajar en la feria con ciertas pautas\u201d.<\/em> Es decir, lograr una habilitaci\u00f3n y continuar las conversaciones para encuadrar una situaci\u00f3n que desde la comuna se catalog\u00f3 en su momento como \u201cilegal\u201d raz\u00f3n por la cual se infraccion\u00f3 a feriantes.<\/p>\n<p>&nbsp;<\/p>\n<blockquote><p>En una \u201creuni\u00f3n muy positiva\u201d adem\u00e1s <strong>se decidi\u00f3 \u201crever\u201d las infracciones realizadas en noviembre del a\u00f1o pasado en pr\u00f3ximos encuentros que tendr\u00e1n las partes para avanzar en una soluci\u00f3n.<\/strong><\/p><\/blockquote>\n<p>&nbsp;<\/p>\n<p>Se indic\u00f3 que<strong> hubo muy buenas intenciones de solucionar el conflicto y adem\u00e1s se catalog\u00f3 al Cors\u00f3dromo como<em> \u201cun buen lugar para este tipo de actividades\u201d<\/em><\/strong> por lo que habr\u00eda la voluntad suficiente para lograr la habilitaci\u00f3n correspondiente para el MTE.<\/p>\n","protected":false},"excerpt":{"rendered":"<p>El secretario de Gobierno Hilario Galli se comprometi\u00f3 a comenzar a trabajar en conjunto desde el Municipio para que los<\/p>\n","protected":false},"author":2,"featured_media":44140,"comment_status":"closed","ping_status":"closed","sticky":false,"template":"","format":"standard","meta":{"_jetpack_memberships_contains_paid_content":false,"footnotes":""},"categories":[5,1],"tags":[],"class_list":["post-44149","post","type-post","status-publish","format-standard","has-post-thumbnail","hentry","category-informacion-general","category-portada"],"jetpack_featured_media_url":"https:\/\/i0.wp.com\/cdnoticias.com\/wp-content\/uploads\/2022\/01\/marcha-MTE1-scaled.jpg?fit=2560%2C1424&ssl=1","jetpack_sharing_enabled":true,"_links":{"self":[{"href":"https:\/\/cdnoticias.com\/index.php\/wp-json\/wp\/v2\/posts\/44149","targetHints":{"allow":["GET"]}}],"collection":[{"href":"https:\/\/cdnoticias.com\/index.php\/wp-json\/wp\/v2\/posts"}],"about":[{"href":"https:\/\/cdnoticias.com\/index.php\/wp-json\/wp\/v2\/types\/post"}],"author":[{"embeddable":true,"href":"https:\/\/cdnoticias.com\/index.php\/wp-json\/wp\/v2\/users\/2"}],"replies":[{"embeddable":true,"href":"https:\/\/cdnoticias.com\/index.php\/wp-json\/wp\/v2\/comments?post=44149"}],"version-history":[{"count":0,"href":"https:\/\/cdnoticias.com\/index.php\/wp-json\/wp\/v2\/posts\/44149\/revisions"}],"wp:featuredmedia":[{"embeddable":true,"href":"https:\/\/cdnoticias.com\/index.php\/wp-json\/wp\/v2\/media\/44140"}],"wp:attachment":[{"href":"https:\/\/cdnoticias.com\/index.php\/wp-json\/wp\/v2\/media?parent=44149"}],"wp:term":[{"taxonomy":"category","embeddable":true,"href":"https:\/\/cdnoticias.com\/index.php\/wp-json\/wp\/v2\/categories?post=44149"},{"taxonomy":"post_tag","embeddable":true,"href":"https:\/\/cdnoticias.com\/index.php\/wp-json\/wp\/v2\/tags?post=44149"}],"curies":[{"name":"wp","href":"https:\/\/api.w.org\/{rel}","templated":true}]}}